{"id":978,"date":"2024-04-28T12:10:55","date_gmt":"2024-04-28T10:10:55","guid":{"rendered":"https:\/\/xn--confrariamarededudemontserratlleida-qdd.cat\/?p=978"},"modified":"2024-05-26T14:58:19","modified_gmt":"2024-05-26T12:58:19","slug":"2024-festa-de-la-mare-de-deu-a-lleida","status":"publish","type":"post","link":"https:\/\/xn--confrariamarededudemontserratlleida-qdd.cat\/index.php\/2024\/04\/28\/2024-festa-de-la-mare-de-deu-a-lleida\/","title":{"rendered":"2024 : Festa de la Mare de D\u00e9u de Montserrat a la Catedral de Lleida"},"content":{"rendered":"<p style=\"text-align: justify;\">Una vegada m\u00e9s, la gent de Lleida no ha fallat en la seva cita a la Catedral per celebrar la Festa de la nostra Patrona, tot i el mal temps, amb una tarda envoltada de tempestes, la fidelitat dels devots de la Moreneta van permetre omplir la Catedral per besar a la Verge Bruna en el seu altar.<\/p>\n<p style=\"text-align: justify;\">Durant tota la jornada va ser un fluir de gent que va anar succeint-se en el seu besamans al cambril de la Mare de D\u00e9u, amb un ram de flors i un llanti\u00f3, al mateix temps que recollia el remet de boix i el punt de llibre habitual, aquesta vegada amb les estrofes de la Visita espiritual de la Mare de D\u00e9u de Montserrat del venerable bisbe Josep Torras i Bages, en motiu del 125\u00e8 aniversari.<\/p>\n<p style=\"text-align: justify;\">\u00c9s molt gratificant sentir com la ciutat queda transformada en la diada montserratina. Pels lleidatans es pot considerar com un dia especial. Va comen\u00e7ar el dia amb una Eucaristia a les 9 del mat\u00ed, presidida pel consiliari de la confraria, Mn. Josep M. Escorihuela, on ja va destacar la import\u00e0ncia de la Mare de D\u00e9u de Montserrat pel poble de Catalunya. \u201cElla \u00e9s la nostra guia i la nostra patrona\u201d. La missa va estar dedicada als confrares difunts, especialment als traspassats durant l\u2019any.<\/p>\n<p style=\"text-align: justify;\">Els actes van continuar i a les 11:00 h., a l\u2019altar major, Mn. Jaume Padr\u00f3s va presidir l\u2019Eucaristia que va comptar amb molta assist\u00e8ncia, amb una homilia on va exaltar a Maria, Mare de D\u00e9u i mare nostra i a les 12:00 es va procedir el res del <em>Regina coeli<\/em> segut del cant del Virolai que va cloure els actes del mat\u00ed.<\/p>\n<p style=\"text-align: justify;\">A la tarda va continuar el fluir de la gent. A les 18:30 h., com estava programant, Mn. Josep M. Escorihuela va comen\u00e7ar el res de la Visita espiritual de la Mare de D\u00e9u de Montserrat, aquesta vegada enardits d\u2019un sentiment especial, per coincidir amb el 125\u00e8 aniversari d\u2019aquesta pregaria tant popular entre els devots de la Mare de D\u00e9u.<\/p>\n<p style=\"text-align: justify;\">Per\u00f2 l\u2019acte m\u00e9s destacat va arribar a les set de la tarda, amb l\u2019Eucaristia en honor a la Mare de D\u00e9u de Montserrat presidida pel senyor bisbe Mons. Salvador Gim\u00e9nez, concelebrada juntament amb varis sacerdots i diaques i solemnitzada pel Petit Cor de la Catedral, dirigit pel mestre de capella, Mn. Joaquim Mesalles i amb l\u2019assist\u00e8ncia de Regidores de la Paeria de Lleida. L\u2019acte es va cloure amb el besamans de tots els assistents a la Mare de D\u00e9u de Montserrat en el seu tron, cantant amb emoci\u00f3 el Virolai.<\/p>\n<p style=\"text-align: justify;\">La Catedral va romandre oberta fins a les 9 del vespre, quan encara hi circulava devots que volien complir amb l\u2019anhel de visitar a la Mare montserratina en el seu setial.<\/p>\n<p style=\"text-align: justify;\"><em>Josep Estruch Bascompte<\/em><\/p>\n<p style=\"text-align: justify;\">President de la Confraria de Lleida<\/p>\n<div style=\"width: 640px;\" class=\"wp-video\"><!--[if lt IE 9]><script>document.createElement('video');<\/script><![endif]-->\n<video class=\"wp-video-shortcode\" id=\"video-978-1\" width=\"640\" height=\"360\" preload=\"metadata\" controls=\"controls\"><source type=\"video\/mp4\" src=\"https:\/\/xn--confrariamarededudemontserratlleida-qdd.cat\/wp-content\/uploads\/2024\/04\/Misa-Tarda.mp4?_=1\" \/><a href=\"https:\/\/xn--confrariamarededudemontserratlleida-qdd.cat\/wp-content\/uploads\/2024\/04\/Misa-Tarda.mp4\">https:\/\/xn--confrariamarededudemontserratlleida-qdd.cat\/wp-content\/uploads\/2024\/04\/Misa-Tarda.mp4<\/a><\/video><\/div>\n<div style=\"width: 640px;\" class=\"wp-video\"><video class=\"wp-video-shortcode\" id=\"video-978-2\" width=\"640\" height=\"360\" preload=\"metadata\" controls=\"controls\"><source type=\"video\/mp4\" src=\"https:\/\/xn--confrariamarededudemontserratlleida-qdd.cat\/wp-content\/uploads\/2024\/04\/Misa-Mati.mp4?_=2\" \/><a href=\"https:\/\/xn--confrariamarededudemontserratlleida-qdd.cat\/wp-content\/uploads\/2024\/04\/Misa-Mati.mp4\">https:\/\/xn--confrariamarededudemontserratlleida-qdd.cat\/wp-content\/uploads\/2024\/04\/Misa-Mati.mp4<\/a><\/video><\/div>\nngg_shortcode_0_placeholder\n","protected":false},"excerpt":{"rendered":"<p>Una vegada m\u00e9s, la gent de Lleida no ha fallat en la seva cita a la Catedral per celebrar la&hellip;<\/p>\n","protected":false},"author":1,"featured_media":0,"comment_status":"closed","ping_status":"closed","sticky":false,"template":"","format":"standard","meta":{"ngg_post_thumbnail":0,"footnotes":""},"categories":[4],"tags":[],"_links":{"self":[{"href":"https:\/\/xn--confrariamarededudemontserratlleida-qdd.cat\/index.php\/wp-json\/wp\/v2\/posts\/978"}],"collection":[{"href":"https:\/\/xn--confrariamarededudemontserratlleida-qdd.cat\/index.php\/wp-json\/wp\/v2\/posts"}],"about":[{"href":"https:\/\/xn--confrariamarededudemontserratlleida-qdd.cat\/index.php\/wp-json\/wp\/v2\/types\/post"}],"author":[{"embeddable":true,"href":"https:\/\/xn--confrariamarededudemontserratlleida-qdd.cat\/index.php\/wp-json\/wp\/v2\/users\/1"}],"replies":[{"embeddable":true,"href":"https:\/\/xn--confrariamarededudemontserratlleida-qdd.cat\/index.php\/wp-json\/wp\/v2\/comments?post=978"}],"version-history":[{"count":7,"href":"https:\/\/xn--confrariamarededudemontserratlleida-qdd.cat\/index.php\/wp-json\/wp\/v2\/posts\/978\/revisions"}],"predecessor-version":[{"id":1116,"href":"https:\/\/xn--confrariamarededudemontserratlleida-qdd.cat\/index.php\/wp-json\/wp\/v2\/posts\/978\/revisions\/1116"}],"wp:attachment":[{"href":"https:\/\/xn--confrariamarededudemontserratlleida-qdd.cat\/index.php\/wp-json\/wp\/v2\/media?parent=978"}],"wp:term":[{"taxonomy":"category","embeddable":true,"href":"https:\/\/xn--confrariamarededudemontserratlleida-qdd.cat\/index.php\/wp-json\/wp\/v2\/categories?post=978"},{"taxonomy":"post_tag","embeddable":true,"href":"https:\/\/xn--confrariamarededudemontserratlleida-qdd.cat\/index.php\/wp-json\/wp\/v2\/tags?post=978"}],"curies":[{"name":"wp","href":"https:\/\/api.w.org\/{rel}","templated":true}]}}