{"id":832,"date":"2023-11-23T00:43:01","date_gmt":"2023-11-22T22:43:01","guid":{"rendered":"https:\/\/xn--confrariamarededudemontserratlleida-qdd.cat\/?p=832"},"modified":"2024-05-26T15:00:35","modified_gmt":"2024-05-26T13:00:35","slug":"2023-v-trobada-dadvocacions-marianes-de-lleida","status":"publish","type":"post","link":"https:\/\/xn--confrariamarededudemontserratlleida-qdd.cat\/index.php\/2023\/11\/23\/2023-v-trobada-dadvocacions-marianes-de-lleida\/","title":{"rendered":"2023 :  V TROBADA D\u2019ADVOCACIONS MARIANES DE LLEIDA"},"content":{"rendered":"<p style=\"text-align: justify;\"><span style=\"vertical-align: inherit;\"><span style=\"vertical-align: inherit;\">La Confraria de la Mare de D\u00e9u de Montserrat de Lleida ha participat de la V Trobada d\u00b4Advocacions Marianes de Lleida que enguany ha organitzat la Congregaci\u00f3 de la Pur\u00edssima Sang de Nostre Senyor Jesucrist, amb m\u00e9s de tres-centes anys d&#8217;hist\u00f2ria, representant a totes les confraries, institucions, associacions parr\u00f2quies i grups que tenen el cor posats en Maria com a guia. Aquest any ha estat dedicat a la Mare de D\u00e9u de la Soledat, que mant\u00e9 un lloc destacat en la Congregaci\u00f3 de la Pur\u00edssima Sang i que surt cada any en el proc\u00e9s del divendres Sant.<\/span><\/span><\/p>\n<p style=\"text-align: justify;\"><span style=\"vertical-align: inherit;\"><span style=\"vertical-align: inherit;\">Lleida \u00e9s tradicionalment una ciutat mariana que compta amb nombroses advocacions a la Mare de D\u00e9u. Es tracte de diferents peculiaritats que ens uneixen al voltant de Maria, la Mare de D\u00e9u.<\/span><\/span><\/p>\n<p style=\"text-align: justify;\"><span style=\"vertical-align: inherit;\"><span style=\"vertical-align: inherit;\">L&#8217;acte \u00e9s va celebrar el dia 18 de novembre de 2023 a l&#8217;Oratori de la Sang, declara Be Cultural d&#8217;Inter\u00e8s Nacional, ple de gom a gom. Va comen\u00e7ar amb una Eucaristia, presidida pel nostre bisbe, Salvador Gim\u00e9nez, concelebrada amb el consiliari de la Congregaci\u00f3, Mn. Jaume Melcior i solemnitzada pel Petit Cor de la Catedral. El senyor bisbe, amb un to did\u00e0ctic, va pronunciar una homilia dedicada a la Mare de D\u00e9u, les seves m\u00faltiples advocacions i el seu significat.<\/span><\/span><\/p>\n<p style=\"text-align: justify;\"><span style=\"vertical-align: inherit;\"><span style=\"vertical-align: inherit;\">A l&#8217;acabar l&#8217;Eucaristia va fer-se l&#8217;exposici\u00f3 al Sant\u00edssim Sagrament i tot seguit, va continuar amb el res del Sant Rosari. Per acabar l&#8217;acte va haver-hi un parlament del consiliari i del Prior Eduard Segarra, que van agrair l&#8217;assist\u00e8ncia de bona part de les Advocacions Marianes de Lleida i animant que segueixi aquesta tradici\u00f3 de juntar-nos una vegada a l&#8217;any. totes les Advocacions de Lleida per pregar a la Mare de D\u00e9u i Mare nostre.<\/span><\/span><\/p>\n<p style=\"text-align: justify;\"><span style=\"vertical-align: inherit;\"><span style=\"vertical-align: inherit;\">Per acabar l&#8217;acte, van oferir-se un obsequi a cada una de les Advocacions Marianes que van assistir a l&#8217;acte i per tots els assistents, una estampa de la Mare de D\u00e9u de la Soledat.<\/span><\/span><\/p>\n<p><img loading=\"lazy\" decoding=\"async\" class=\" wp-image-833 aligncenter\" src=\"https:\/\/xn--confrariamarededudemontserratlleida-qdd.cat\/wp-content\/uploads\/2023\/11\/IMG-20231118-WA0027-300x225.jpg\" alt=\"\" width=\"625\" height=\"469\" srcset=\"https:\/\/xn--confrariamarededudemontserratlleida-qdd.cat\/wp-content\/uploads\/2023\/11\/IMG-20231118-WA0027-300x225.jpg 300w, https:\/\/xn--confrariamarededudemontserratlleida-qdd.cat\/wp-content\/uploads\/2023\/11\/IMG-20231118-WA0027-1024x768.jpg 1024w, https:\/\/xn--confrariamarededudemontserratlleida-qdd.cat\/wp-content\/uploads\/2023\/11\/IMG-20231118-WA0027-768x576.jpg 768w, https:\/\/xn--confrariamarededudemontserratlleida-qdd.cat\/wp-content\/uploads\/2023\/11\/IMG-20231118-WA0027-1536x1152.jpg 1536w, https:\/\/xn--confrariamarededudemontserratlleida-qdd.cat\/wp-content\/uploads\/2023\/11\/IMG-20231118-WA0027.jpg 2016w\" sizes=\"(max-width: 625px) 100vw, 625px\" \/><\/p>\n<p><img loading=\"lazy\" decoding=\"async\" class=\" wp-image-834 aligncenter\" src=\"https:\/\/xn--confrariamarededudemontserratlleida-qdd.cat\/wp-content\/uploads\/2023\/11\/IMG-20231118-WA0047-300x225.jpg\" alt=\"\" width=\"629\" height=\"472\" srcset=\"https:\/\/xn--confrariamarededudemontserratlleida-qdd.cat\/wp-content\/uploads\/2023\/11\/IMG-20231118-WA0047-300x225.jpg 300w, https:\/\/xn--confrariamarededudemontserratlleida-qdd.cat\/wp-content\/uploads\/2023\/11\/IMG-20231118-WA0047-768x576.jpg 768w, https:\/\/xn--confrariamarededudemontserratlleida-qdd.cat\/wp-content\/uploads\/2023\/11\/IMG-20231118-WA0047.jpg 1024w\" sizes=\"(max-width: 629px) 100vw, 629px\" \/><\/p>\n<p><img loading=\"lazy\" decoding=\"async\" class=\" wp-image-835 aligncenter\" src=\"https:\/\/xn--confrariamarededudemontserratlleida-qdd.cat\/wp-content\/uploads\/2023\/11\/IMG-20231118-WA0048-1-300x225.jpg\" alt=\"\" width=\"630\" height=\"472\" srcset=\"https:\/\/xn--confrariamarededudemontserratlleida-qdd.cat\/wp-content\/uploads\/2023\/11\/IMG-20231118-WA0048-1-300x225.jpg 300w, https:\/\/xn--confrariamarededudemontserratlleida-qdd.cat\/wp-content\/uploads\/2023\/11\/IMG-20231118-WA0048-1-768x576.jpg 768w, https:\/\/xn--confrariamarededudemontserratlleida-qdd.cat\/wp-content\/uploads\/2023\/11\/IMG-20231118-WA0048-1.jpg 1024w\" sizes=\"(max-width: 630px) 100vw, 630px\" \/><\/p>\n","protected":false},"excerpt":{"rendered":"<p>La Confraria de la Mare de D\u00e9u de Montserrat de Lleida ha participat de la V Trobada d\u00b4Advocacions Marianes de&hellip;<\/p>\n","protected":false},"author":1,"featured_media":0,"comment_status":"closed","ping_status":"closed","sticky":false,"template":"","format":"standard","meta":{"ngg_post_thumbnail":0,"footnotes":""},"categories":[4],"tags":[],"_links":{"self":[{"href":"https:\/\/xn--confrariamarededudemontserratlleida-qdd.cat\/index.php\/wp-json\/wp\/v2\/posts\/832"}],"collection":[{"href":"https:\/\/xn--confrariamarededudemontserratlleida-qdd.cat\/index.php\/wp-json\/wp\/v2\/posts"}],"about":[{"href":"https:\/\/xn--confrariamarededudemontserratlleida-qdd.cat\/index.php\/wp-json\/wp\/v2\/types\/post"}],"author":[{"embeddable":true,"href":"https:\/\/xn--confrariamarededudemontserratlleida-qdd.cat\/index.php\/wp-json\/wp\/v2\/users\/1"}],"replies":[{"embeddable":true,"href":"https:\/\/xn--confrariamarededudemontserratlleida-qdd.cat\/index.php\/wp-json\/wp\/v2\/comments?post=832"}],"version-history":[{"count":6,"href":"https:\/\/xn--confrariamarededudemontserratlleida-qdd.cat\/index.php\/wp-json\/wp\/v2\/posts\/832\/revisions"}],"predecessor-version":[{"id":1127,"href":"https:\/\/xn--confrariamarededudemontserratlleida-qdd.cat\/index.php\/wp-json\/wp\/v2\/posts\/832\/revisions\/1127"}],"wp:attachment":[{"href":"https:\/\/xn--confrariamarededudemontserratlleida-qdd.cat\/index.php\/wp-json\/wp\/v2\/media?parent=832"}],"wp:term":[{"taxonomy":"category","embeddable":true,"href":"https:\/\/xn--confrariamarededudemontserratlleida-qdd.cat\/index.php\/wp-json\/wp\/v2\/categories?post=832"},{"taxonomy":"post_tag","embeddable":true,"href":"https:\/\/xn--confrariamarededudemontserratlleida-qdd.cat\/index.php\/wp-json\/wp\/v2\/tags?post=832"}],"curies":[{"name":"wp","href":"https:\/\/api.w.org\/{rel}","templated":true}]}}