{"id":789,"date":"2019-09-07T17:20:33","date_gmt":"2019-09-07T15:20:33","guid":{"rendered":"https:\/\/xn--confrariamarededudemontserratlleida-qdd.cat\/?p=789"},"modified":"2023-10-26T17:59:04","modified_gmt":"2023-10-26T15:59:04","slug":"la-confraria-de-montserrat-de-lleida-publica-el-no-94-del-seu-butlleti-el-mati","status":"publish","type":"post","link":"https:\/\/xn--confrariamarededudemontserratlleida-qdd.cat\/index.php\/2019\/09\/07\/la-confraria-de-montserrat-de-lleida-publica-el-no-94-del-seu-butlleti-el-mati\/","title":{"rendered":"La Confraria de Montserrat de Lleida, publica el n\u00ba 94 del seu butllet\u00ed \u201cEL MAT\u00cd\u201d"},"content":{"rendered":"<div class=\"single-featured\">\n<figure style=\"text-align: justify;\"><figcaption class=\"wp-caption-text\"><span style=\"color: #000000;\"><span style=\"color: #000000;\"><em>Publicat al web de <a style=\"color: #000000;\" href=\"https:\/\/totlleida.cat\/la-confraria-de-montserrat-de-lleida-publica-el-n-94-del-seu-butlleti-el-mati\/\">TotLleida<\/a><\/em><\/span><\/span>Amb una acurada edici\u00f3 a tot color i amb profusi\u00f3 de fotografies, ofereix en el\u00a0 seu interior una \u00e0mplia cr\u00f2nica signada pel president de la Confraria Josep Estruch dedicada a la LXXII Romeria a Montserrat, organitzada per la Confraria des de fa 72 anys en la segona setmana de juliol.<\/p>\n<\/figcaption><\/figure>\n<\/div>\n<div class=\"post-header-inner\">\n<div class=\"post-header-title\">\n<div><\/div>\n<div class=\"post-meta single-post-meta\" style=\"text-align: justify;\"><span style=\"color: #000000;\"><b>Lleida.-<\/b>\u00a0La Confraria de la Mare de D\u00e9u de Montserrat de Lleida, amb l\u2019avinentesa de la festa de la Nativitat de la Mare de D\u00e9u coneguda popularment com a Festa de les Mareded\u00e9us Trobades que se celebra aquest diumenge 8 de setembre, ha editat el n\u00famero 94 del seu butllet\u00ed\u00a0<i>\u201cEl Mat\u00ed\u201d.<\/i><\/span><\/div>\n<\/div>\n<\/div>\n<div class=\"entry-content clearfix single-post-content\">\n<p style=\"text-align: justify;\"><span style=\"vertical-align: inherit; color: #000000;\"><span style=\"vertical-align: inherit;\">Amb una acurada edici\u00f3 a tot color i amb profusi\u00f3 de fotografies, ofereix en el\u00a0 seu interior una \u00e0mplia cr\u00f2nica signada pel president de la Confraria Josep Estruch dedicada a la LXXII Romeria a Montserrat, organitzada per la Confraria des de fa 72 anys en la segona setmana de juliol.<\/span><\/span><\/p>\n<p style=\"text-align: justify;\"><span style=\"color: #000000;\">Tanmateix el Butllet\u00ed informa de la celebraci\u00f3 del Dia de la Confraria de Lleida a Montserrat, celebrat en el context de la Romeria amb la participaci\u00f3 del bisbe de Lleida Salvador Gim\u00e9nez, que va presidir la Missa Conventual a la bas\u00edlica.<\/span><\/p>\n<p style=\"text-align: justify;\"><span style=\"color: #000000;\">La Portada l\u2019encap\u00e7ala l\u2019editorial amb el t\u00edtol gen\u00e8ric \u201cDavantal\u201d, signada en aquest n\u00famero per Mn. Manel Mercad\u00e9, rector de la parr\u00f2quia de la Mare de D\u00e9u de Montserrat de Lleida, amb el t\u00edtol\u00a0<i>\u201cEstablint pots entre la Confraria i la parr\u00f2quia de la Mare de D\u00e9u de Montserrat\u201d.\u00a0<\/i><\/span><\/p>\n<p style=\"text-align: justify;\"><span style=\"color: #000000;\">Pel que fa a la contraportada, ofereix un article signat per Jordi Curc\u00f3 on fa mem\u00f2ria de l\u2019exist\u00e8ncia d\u2019un carrer al barri de Bal\u00e0fia de Lleida que porta el nom de Verge de Montserrat, en homenatge a la Patrona de Catalunya. Es troba ubicat en una antiga illa d\u2019habitatges socials anomenats popularment \u201cles casetes del bisbe\u201d, edificades l\u2019any 1951 a iniciativa el Patronat Dioces\u00e0 de la Llar.<\/span><\/p>\n<p style=\"text-align: justify;\"><span style=\"color: #000000;\">Tanmateix el butllet\u00ed fa mem\u00f2ria del m\u00fasic i compositor Josep Prenafeta, confrare de Montserrat, reproduint la lletra d\u2019una sardana montserratina amb lletra de Pere Riera i m\u00fasica d\u2019Antoni P\u00e9rez, conservada en el seu arxiu particular i ofrenada a la Confraria per la seva esposa i confrare Pilar Bold\u00fa.<\/span><\/p>\n<p style=\"text-align: justify;\"><span style=\"color: #000000;\">El butllet\u00ed \u201cEl Mat\u00ed\u201d de la Confraria de Montserrat surt al carrer tres vegades a l\u2019any: a l\u2019abril, amb motiu de la festa de la Mare de D\u00e9u de Montserrat; al setembre, coincidint amb la festa del 8 de setembre i per Nadal. Es distribueix entre els seus gaire 300 confrares que conformen la Confraria, aix\u00ed com per les parr\u00f2quies, confraries i altres entitats i institucions diocesanes i marianes de Lleida, alhora que es fan arribar uns exemplars al Monestir de Montserrat.<\/span><\/p>\n<\/div>\n","protected":false},"excerpt":{"rendered":"<p>Publicat al web de TotLleidaAmb una acurada edici\u00f3 a tot color i amb profusi\u00f3 de fotografies, ofereix en el\u00a0 seu&hellip;<\/p>\n","protected":false},"author":1,"featured_media":0,"comment_status":"open","ping_status":"open","sticky":false,"template":"","format":"standard","meta":{"ngg_post_thumbnail":0,"footnotes":""},"categories":[4],"tags":[],"_links":{"self":[{"href":"https:\/\/xn--confrariamarededudemontserratlleida-qdd.cat\/index.php\/wp-json\/wp\/v2\/posts\/789"}],"collection":[{"href":"https:\/\/xn--confrariamarededudemontserratlleida-qdd.cat\/index.php\/wp-json\/wp\/v2\/posts"}],"about":[{"href":"https:\/\/xn--confrariamarededudemontserratlleida-qdd.cat\/index.php\/wp-json\/wp\/v2\/types\/post"}],"author":[{"embeddable":true,"href":"https:\/\/xn--confrariamarededudemontserratlleida-qdd.cat\/index.php\/wp-json\/wp\/v2\/users\/1"}],"replies":[{"embeddable":true,"href":"https:\/\/xn--confrariamarededudemontserratlleida-qdd.cat\/index.php\/wp-json\/wp\/v2\/comments?post=789"}],"version-history":[{"count":8,"href":"https:\/\/xn--confrariamarededudemontserratlleida-qdd.cat\/index.php\/wp-json\/wp\/v2\/posts\/789\/revisions"}],"predecessor-version":[{"id":798,"href":"https:\/\/xn--confrariamarededudemontserratlleida-qdd.cat\/index.php\/wp-json\/wp\/v2\/posts\/789\/revisions\/798"}],"wp:attachment":[{"href":"https:\/\/xn--confrariamarededudemontserratlleida-qdd.cat\/index.php\/wp-json\/wp\/v2\/media?parent=789"}],"wp:term":[{"taxonomy":"category","embeddable":true,"href":"https:\/\/xn--confrariamarededudemontserratlleida-qdd.cat\/index.php\/wp-json\/wp\/v2\/categories?post=789"},{"taxonomy":"post_tag","embeddable":true,"href":"https:\/\/xn--confrariamarededudemontserratlleida-qdd.cat\/index.php\/wp-json\/wp\/v2\/tags?post=789"}],"curies":[{"name":"wp","href":"https:\/\/api.w.org\/{rel}","templated":true}]}}