{"id":782,"date":"2017-12-10T15:35:00","date_gmt":"2017-12-10T13:35:00","guid":{"rendered":"https:\/\/xn--confrariamarededudemontserratlleida-qdd.cat\/?p=782"},"modified":"2023-10-26T15:38:06","modified_gmt":"2023-10-26T13:38:06","slug":"la-confraria-de-montserrat-edita-el-seu-butlleti-el-mati","status":"publish","type":"post","link":"https:\/\/xn--confrariamarededudemontserratlleida-qdd.cat\/index.php\/2017\/12\/10\/la-confraria-de-montserrat-edita-el-seu-butlleti-el-mati\/","title":{"rendered":"La confraria de Montserrat edita el seu butllet\u00ed &#8216;El Mat\u00ed&#8217;"},"content":{"rendered":"\n<p>Publicat al web del <a href=\"https:\/\/www.bisbatlleida.org\/ca\/noticia\/14-12-2017\/la-confraria-de-montserrat-edita-el-seu-butllet%C3%AD-el-mat%C3%AD\" data-type=\"link\" data-id=\"https:\/\/www.bisbatlleida.org\/ca\/noticia\/14-12-2017\/la-confraria-de-montserrat-edita-el-seu-butllet%C3%AD-el-mat%C3%AD\">BISBAT DE LLEIDA<\/a><\/p>\n\n\n<div class=\"wp-block-image\">\n<figure class=\"aligncenter is-resized\"><img decoding=\"async\" src=\"https:\/\/www.bisbatlleida.org\/sites\/default\/files\/Montserrat%20Lleida.JPG\" alt=\"\" style=\"aspect-ratio:0.75;width:216px;height:auto\"\/><\/figure><\/div>\n\n\n<p>La Confraria de la Mare de D\u00e9u de Montserrat de Lleida, ha editat el n\u00famero 87 del seu butllet\u00ed &#8220;El Mat\u00ed&#8221;, corresponent al temps de Nadal.<\/p>\n\n\n\n<p>Aix\u00ed, el seu consiliari Mn. Xavier Batiste en l&#8217;espai &#8220;Davantal&#8221; reflexiona al voltant d&#8217;aquest temps nadalenc i dels esdeveniments a Catalunya, amb un desig que expressa en el t\u00edtol: &#8220;Una llum nova a Catalunya&#8221;: &#8220;&#8230;i puguem celebrar el Nadal amb una llum m\u00e9s potent que les que es veuen pels carrers il\u00b7luminats, plens de comer\u00e7os i regals i demanem que aquest Nadal puguem encendre una llum d&#8217;esperan\u00e7a per la conviv\u00e8ncia&#8221;.<\/p>\n\n\n\n<p>En les p\u00e0gines centrals trobem la cr\u00f2nica de la festa de les Mareded\u00e9us Trobades, celebrada el 8 de setembre, a l&#8217;altar de la Patrona a la Catedral de Lleida, amb una nodrida assist\u00e8ncia de fidels i devots de &#8220;la Moreneta&#8221;.<\/p>\n\n\n\n<p>Tanmateix es fa refer\u00e8ncia a la presentaci\u00f3 de la poesia musicada &#8220;Bruna de Montserrat&#8221;, amb lletra de Rosa Fabregat Sol\u00e9 i m\u00fasica de Mn. Joaquim Mesalles, estrenada a la Catedral, davant la Mare de D\u00e9u de Montserrat pel Petit Cor de la Catedral de Lleida, al finalitzar l&#8217;Eucaristia del 8 de setembre.<\/p>\n\n\n\n<p>El butllet\u00ed es completa amb una ressenya hist\u00f2rica signada pel president Josep Estruch i dedicada a les pintures murals que el pintor Josep Obiols va fer l&#8217;any 1959 pel cambril de la Mare de D\u00e9u. No hi manca un recull de not\u00edcies referents a les activitats i vida pr\u00f2pia de la Confraria.<\/p>\n\n\n\n<p>El butllet\u00ed s&#8217;ha fet arribar a tots els confrares i ha estat distribu\u00eft per parr\u00f2quies i comunitats, acompanyat alhora d&#8217;una nadala singular, amb una magn\u00edfica fotografia de la talla de la Patrona acaronada pels \u00e0ngels i m\u00fasics del pintor Obiols, que volen desitjar a tots una bona Pasqua de Nadal.<\/p>\n","protected":false},"excerpt":{"rendered":"<p>Publicat al web del BISBAT DE LLEIDA La Confraria de la Mare de D\u00e9u de Montserrat de Lleida, ha editat&hellip;<\/p>\n","protected":false},"author":1,"featured_media":0,"comment_status":"open","ping_status":"open","sticky":false,"template":"","format":"standard","meta":{"ngg_post_thumbnail":0,"footnotes":""},"categories":[1],"tags":[],"_links":{"self":[{"href":"https:\/\/xn--confrariamarededudemontserratlleida-qdd.cat\/index.php\/wp-json\/wp\/v2\/posts\/782"}],"collection":[{"href":"https:\/\/xn--confrariamarededudemontserratlleida-qdd.cat\/index.php\/wp-json\/wp\/v2\/posts"}],"about":[{"href":"https:\/\/xn--confrariamarededudemontserratlleida-qdd.cat\/index.php\/wp-json\/wp\/v2\/types\/post"}],"author":[{"embeddable":true,"href":"https:\/\/xn--confrariamarededudemontserratlleida-qdd.cat\/index.php\/wp-json\/wp\/v2\/users\/1"}],"replies":[{"embeddable":true,"href":"https:\/\/xn--confrariamarededudemontserratlleida-qdd.cat\/index.php\/wp-json\/wp\/v2\/comments?post=782"}],"version-history":[{"count":1,"href":"https:\/\/xn--confrariamarededudemontserratlleida-qdd.cat\/index.php\/wp-json\/wp\/v2\/posts\/782\/revisions"}],"predecessor-version":[{"id":783,"href":"https:\/\/xn--confrariamarededudemontserratlleida-qdd.cat\/index.php\/wp-json\/wp\/v2\/posts\/782\/revisions\/783"}],"wp:attachment":[{"href":"https:\/\/xn--confrariamarededudemontserratlleida-qdd.cat\/index.php\/wp-json\/wp\/v2\/media?parent=782"}],"wp:term":[{"taxonomy":"category","embeddable":true,"href":"https:\/\/xn--confrariamarededudemontserratlleida-qdd.cat\/index.php\/wp-json\/wp\/v2\/categories?post=782"},{"taxonomy":"post_tag","embeddable":true,"href":"https:\/\/xn--confrariamarededudemontserratlleida-qdd.cat\/index.php\/wp-json\/wp\/v2\/tags?post=782"}],"curies":[{"name":"wp","href":"https:\/\/api.w.org\/{rel}","templated":true}]}}