{"id":778,"date":"2023-10-09T15:30:15","date_gmt":"2023-10-09T13:30:15","guid":{"rendered":"https:\/\/xn--confrariamarededudemontserratlleida-qdd.cat\/?p=778"},"modified":"2024-05-26T15:00:07","modified_gmt":"2024-05-26T13:00:07","slug":"confraria-mare-de-deu-de-montserrat-lleida-2","status":"publish","type":"post","link":"https:\/\/xn--confrariamarededudemontserratlleida-qdd.cat\/index.php\/2023\/10\/09\/confraria-mare-de-deu-de-montserrat-lleida-2\/","title":{"rendered":"2023 : El Papa atorga la Rosa d&#8217;Or a la Moreneta"},"content":{"rendered":"\r\n<figure class=\"wp-block-image size-full\"><img loading=\"lazy\" decoding=\"async\" width=\"800\" height=\"533\" class=\"wp-image-779\" src=\"https:\/\/xn--confrariamarededudemontserratlleida-qdd.cat\/wp-content\/uploads\/2023\/10\/image-3.png\" alt=\"\" srcset=\"https:\/\/xn--confrariamarededudemontserratlleida-qdd.cat\/wp-content\/uploads\/2023\/10\/image-3.png 800w, https:\/\/xn--confrariamarededudemontserratlleida-qdd.cat\/wp-content\/uploads\/2023\/10\/image-3-300x200.png 300w, https:\/\/xn--confrariamarededudemontserratlleida-qdd.cat\/wp-content\/uploads\/2023\/10\/image-3-768x512.png 768w\" sizes=\"(max-width: 800px) 100vw, 800px\" \/><\/figure>\r\n\r\n\r\n\r\n<p><span style=\"vertical-align: inherit;\"><span style=\"vertical-align: inherit;\">Publicat al web del <\/span><\/span><a href=\"https:\/\/www.bisbatlleida.org\/ca\/content\/el-papa-atorga-la-rosa-dor-la-moreneta\" data-type=\"link\" data-id=\"https:\/\/www.bisbatlleida.org\/ca\/content\/el-papa-atorga-la-rosa-dor-la-moreneta\"><span style=\"vertical-align: inherit;\"><span style=\"vertical-align: inherit;\">BISBAT DE LLEIDA<\/span><\/span><\/a><\/p>\r\n\r\n\r\n\r\n<p><span style=\"vertical-align: inherit;\"><span style=\"vertical-align: inherit;\">El papa Francesc va saludar ahir amb un \u201cbon dia a tots\u00b7 en catal\u00e0 als 800 pelegrins de Montserrat a qui va rebre en audi\u00e8ncia al pati de San Damaso del palau Apost\u00f2lic del Vatic\u00e0. Amb la delegaci\u00f3 catalana, encap\u00e7alada per l&#8217;abat de Montserrat, Manel Gasch, hi eren els bisbes de les di\u00f2cesis amb el seu a Catalunya, entre ells, el bisbe Salvador.<\/span><\/span><\/p>\r\n\r\n\r\n\r\n<p><span style=\"vertical-align: inherit;\"><span style=\"vertical-align: inherit;\">El Papa va fer un discurs d&#8217;elogi a la pietat religiosa i sobre el sentit de la devoci\u00f3 mariana: \u201cDavant la Mare es desperten els sentiments m\u00e9s nobles de la persona\u201d. Va parlat de Maria com la qui senyala Jes\u00fas i com a mirall per solucionar conflictes. Per aix\u00f2, \u201cla Verge de Montserrat, amb el m\u00f3n a les seves mans, ens convida a viure la fraternitat universal\u201d. \u00c9s una mare \u201cque vol parir un m\u00f3n nou\u201d, que \u201cno coneix l&#8217;actitud de descartar ning\u00fa\u201d i que \u201csap escoltar\u201d.<\/span><\/span><\/p>\r\n\r\n\r\n\r\n<p><span style=\"vertical-align: inherit;\"><span style=\"vertical-align: inherit;\">El papa Francesc va elogiar la tasca de difusi\u00f3 mariana que ha fet la Confraria de la Mare de D\u00e9u de Montserrat durant 800 anys. Com a mostra d&#8217;aquest reconeixement va atorgar a la patrona de Catalunya la Rosa d&#8217;Or, una distinci\u00f3 pontif\u00edcia que distingeix en ocasions especials a les maresded\u00e9us.<\/span><\/span><\/p>\r\n\r\n\r\n\r\n<p><span style=\"vertical-align: inherit;\"><span style=\"vertical-align: inherit;\">El papa tamb\u00e9 ha tingut com a regal poder escoltar dues breus intervencions de l&#8217;Escolania, amb el cant del Virolai que li ha donat la benvinguda. L&#8217;audi\u00e8ncia tamb\u00e9 ha tingut un to festiu per la pres\u00e8ncia de la cobla i la colla sardanista Dansaires del Pened\u00e8s del Vendrell que ha acomiadat el papa.&nbsp;<\/span><\/span><\/p>\r\n","protected":false},"excerpt":{"rendered":"<p>Publicat al web del BISBAT DE LLEIDA El papa Francesc va saludar ahir amb un \u201cbon dia a tots\u00b7 en&hellip;<\/p>\n","protected":false},"author":1,"featured_media":0,"comment_status":"closed","ping_status":"closed","sticky":false,"template":"","format":"standard","meta":{"ngg_post_thumbnail":0,"footnotes":""},"categories":[4],"tags":[],"_links":{"self":[{"href":"https:\/\/xn--confrariamarededudemontserratlleida-qdd.cat\/index.php\/wp-json\/wp\/v2\/posts\/778"}],"collection":[{"href":"https:\/\/xn--confrariamarededudemontserratlleida-qdd.cat\/index.php\/wp-json\/wp\/v2\/posts"}],"about":[{"href":"https:\/\/xn--confrariamarededudemontserratlleida-qdd.cat\/index.php\/wp-json\/wp\/v2\/types\/post"}],"author":[{"embeddable":true,"href":"https:\/\/xn--confrariamarededudemontserratlleida-qdd.cat\/index.php\/wp-json\/wp\/v2\/users\/1"}],"replies":[{"embeddable":true,"href":"https:\/\/xn--confrariamarededudemontserratlleida-qdd.cat\/index.php\/wp-json\/wp\/v2\/comments?post=778"}],"version-history":[{"count":5,"href":"https:\/\/xn--confrariamarededudemontserratlleida-qdd.cat\/index.php\/wp-json\/wp\/v2\/posts\/778\/revisions"}],"predecessor-version":[{"id":1125,"href":"https:\/\/xn--confrariamarededudemontserratlleida-qdd.cat\/index.php\/wp-json\/wp\/v2\/posts\/778\/revisions\/1125"}],"wp:attachment":[{"href":"https:\/\/xn--confrariamarededudemontserratlleida-qdd.cat\/index.php\/wp-json\/wp\/v2\/media?parent=778"}],"wp:term":[{"taxonomy":"category","embeddable":true,"href":"https:\/\/xn--confrariamarededudemontserratlleida-qdd.cat\/index.php\/wp-json\/wp\/v2\/categories?post=778"},{"taxonomy":"post_tag","embeddable":true,"href":"https:\/\/xn--confrariamarededudemontserratlleida-qdd.cat\/index.php\/wp-json\/wp\/v2\/tags?post=778"}],"curies":[{"name":"wp","href":"https:\/\/api.w.org\/{rel}","templated":true}]}}