{"id":774,"date":"2020-04-27T15:24:00","date_gmt":"2020-04-27T13:24:00","guid":{"rendered":"https:\/\/xn--confrariamarededudemontserratlleida-qdd.cat\/?p=774"},"modified":"2023-10-26T15:28:23","modified_gmt":"2023-10-26T13:28:23","slug":"una-festa-de-la-moreneta-tambe-confinada","status":"publish","type":"post","link":"https:\/\/xn--confrariamarededudemontserratlleida-qdd.cat\/index.php\/2020\/04\/27\/una-festa-de-la-moreneta-tambe-confinada\/","title":{"rendered":"Una Festa de &#8220;LA MORENETA&#8221; tamb\u00e9 confinada"},"content":{"rendered":"\n<p>Publicat al web de <a href=\"https:\/\/totlleida.cat\/una-festa-de-la-la-moreneta-tambe-confinada\/\" data-type=\"link\" data-id=\"https:\/\/totlleida.cat\/una-festa-de-la-la-moreneta-tambe-confinada\/\">TOT LLEIDA<\/a><\/p>\n\n\n\n<p><em>Per: Jordi Curc\u00f3<\/em><\/p>\n\n\n\n<p><em>Confraria de la MdD de Montserrat<\/em><\/p>\n\n\n\n<p><em>&nbsp;<\/em>Primer van ser les tradicionals processons i dem\u00e9s actes tradicionals de la Setmana Santa, que com el \u201cDia de la Mona\u201d van caure del calendari. Despr\u00e9s ha caigut la diada del Patr\u00f3 de Catalunya Sant Jordi, amb la seva tradicional lit\u00fargia de la rosa i el costum de celebrar alhora la festa del llibre, que ens oferia tots els anys imatges de carrers i places atape\u00efdes de gent amb un ambient de festa grossa de la cultura catalana.<\/p>\n\n\n\n<p>Avui 27 d\u2019abril, li ha tocat el torn en aquesta obligada descabalada del calendari festiu de casa nostra, a la festa de la Patrona la Mare de D\u00e9u de Montserrat, que cau tamb\u00e9 del calendari festiu catal\u00e0 i singularment del &nbsp;lleidat\u00e0. Cal dir que a banda del Monestir de Montserrat, \u00e9s a la ciutat de Lleida, on la festa se celebra amb un conservat arrelament i innegable popularitat.<\/p>\n\n\n\n<p>De viure en plena normalitat i sense el confinament al que ens ha obligat la pand\u00e8mia de la Covid 19, aquest mat\u00ed a les 9 en punt la Catedral de Lleida hagu\u00e9s obert les seves portes per a no tancar-les fins passades les 9 de la nit, per tal de rebre la visita de milers de lleidatans \u2013uns 5.000 l\u2019any passat- que tots els anys acudeixen per retre l\u2019acostumat homenatge a \u201cla Moreneta\u201d en el seu cambril. S\u2019hagu\u00e9s celebrat la primera Missa a l\u2019altar de la Patrona, organitzada per la Confraria amb la benedicci\u00f3 de les branques de boix que \u00e9s costum de distribuir entre els fidels que acudeixen a la Catedral en aquest dia i al baixar del cambril se\u2019ls hagu\u00e9s lliurat tamb\u00e9 el punt de llibre de record, que alguns fins i tot col\u00b7leccionen.<\/p>\n\n\n\n<p>Enguany amics, no hi haur\u00e0 Missa primera, ni boix, ni punts de llibre. Ni tampoc aquelles fileres de nens i nenes d\u2019algunes escoles de la ciutat que acudien entusiasmats i xirois durant el mat\u00ed a fer la tradicional ofrena de flors. Tampoc podrem veure la llarga filera de fidels i devots fent cua per accedir al cambril i dipositar als peus de la Verge Bruna desenes de ciris i rams de flors, en un improvisat i acolorit jard\u00ed primaveral.<\/p>\n\n\n\n<p>No es far\u00e0 tampoc la visita Espiritual del bisbe Josep Torres i Bages:&nbsp;<em>\u201cRosa de caritat, foc que sense consumir escalfa, traieu de Catalunya l\u2019esperit de disc\u00f2rdia i ajunteu tots els seus fills amb cor de germans\u201d.&nbsp;<\/em>Ni el bisbe Salvador podr\u00e0 presidir al vespre la Concelebraci\u00f3 Eucar\u00edstica que cloure la festa, ni es podr\u00e0 cantar com a colof\u00f3 el cant del popular Virolai als peus de la seva imatge, composat per Mn. Cinto Verdaguer i m\u00fasica del sempre oblidat Josep Rodoreda:&nbsp;<em>\u201cRosa d\u2019abril, Morena de la serra, de Montserrat estel: il\u00b7lumineu la catalana terra, guieu-nos cap al Cel\u201d.<\/em><\/p>\n\n\n\n<p>Per\u00f2 tot aix\u00f2 no \u00e9s fruit d\u2019un dia, ni s\u2019improvisa. Mantenir viva la flama de la devoci\u00f3 dels lleidatans a \u201cla Moreneta\u201d, ha estat conseq\u00fc\u00e8ncia del treball i de l\u2019esfor\u00e7 que al llarg de la seva hist\u00f2ria ha dut a terme la Confraria de la Mare de D\u00e9u de Montserrat, la m\u00e9s important i activa de totes les que hi ha arreu de Catalunya. La \u201cdegana de les confraries\u201d, en paraules de l\u2019abat Josep M. Soler.<\/p>\n\n\n\n<p>La Confraria va sorgir fa 139 anys com a fruit del desvetllament cultural i espiritual de la Renaixen\u00e7a Catalana, de l\u2019empenta de la Joventut Cat\u00f2lica de Lleida i de l\u2019entusiasme de lleidatans vinculats a la Renaixen\u00e7a, com el metge i poeta Llu\u00eds Roca i Mn. Josep Escol\u00e0, promotors de l\u2019Acad\u00e8mia Mariana. Va ser fundada el 22 d\u2019agost de 1881, any de la proclamaci\u00f3 de la Mare de D\u00e9u de Montserrat com a Patrona de Catalunya i tingu\u00e9 com a seu inicial la capella del Seminari, si b\u00e9 el 12 d\u2019octubre del mateix any el bisbe Josep Costa, a fi i efecte de que la Confraria i el culte a la Moreneta esdevingu\u00e9s m\u00e9s popular, sign\u00e0 el document de la seva agregaci\u00f3 a l\u2019Oratori de la Verge dels Dolors, on va romandre fins la Guerra Civil. Passat l\u2019enfrontament b\u00e8l\u00b7lic, el gener de 1946 -fa 74 anys- es restaur\u00e0 la Confraria amb seu a l\u2019esgl\u00e9sia de Sant Lloren\u00e7, que aleshores feia les funcions de Catedral provisional. Tres mesos despr\u00e9s, el 27 d\u2019abril del mateix any festa de la Patrona, va ser bene\u00efda la nova imatge de \u201cla Moreneta\u201d, una extraordin\u00e0ria talla de l\u2019escultor Josep Maria Camps i Arnau. Finalment, el 28 de setembre de 1955 la imatge seria traslladada en solemne process\u00f3 al seu nou altar i cambril, de la ja restaurada Catedral Nova. &nbsp;<\/p>\n\n\n\n<p>Des d\u2019aquella fita i&nbsp;<strong><em>durant aquets darrers 65 anys, mai per cap motiu s\u2019havia deixat de celebrar la seva festa a la Catedral<\/em><\/strong>. Enguany no ser\u00e0 pas aix\u00ed, degut a les circumst\u00e0ncies de l\u2019Estat d\u2019Alarma que estem vivint i patint a causa de la pand\u00e8mia del Coronavirus. Certament que per la Confraria i pels lleidatans la d\u2019avui ser\u00e0 una festa de \u201cla Moreneta\u201d distinta, viscuda amb certa tristor, resignaci\u00f3 i melangia, impensable tot plegat fa poques setmanes en que fins i tot la Junta ja tenia perfilat el programa del tridu, de la festa i tamb\u00e9 de la LXXIII Romeria a Montserrat d\u2019enguany. Ser\u00e0 la d\u2019avui una festa de \u201cla Moreneta\u201d tamb\u00e9 confinada com tantes altres i sense el caliu de la gent. \u00c9s per aix\u00f2 mateix que cal viure-la interiorment en el caliu del cor, tot recordant aquella dita que diu:&nbsp; Sense caliu, l\u2019esperit nou viu<\/p>\n\n\n<div class=\"wp-block-image\">\n<figure class=\"aligncenter\"><a href=\"https:\/\/beatofranciscocastello.com\/wp-content\/gallery\/2020-montserrat\/M-2020-Festa-de-la-MdD-de-Montserrat.jpg\"><img decoding=\"async\" src=\"https:\/\/beatofranciscocastello.com\/wp-content\/gallery\/2020-montserrat\/cache\/M-2020-Festa-de-la-MdD-de-Montserrat.jpg-nggid03476-ngg0dyn-0x360-00f0w010c010r110f110r010t010.jpg\" alt=\"M-2020-Festa-de-la-MdD-de-Montserrat\" title=\"M-2020-Festa-de-la-MdD-de-Montserrat\"\/><\/a><\/figure><\/div>\n\n<div class=\"wp-block-image\">\n<figure class=\"aligncenter\"><a href=\"https:\/\/beatofranciscocastello.com\/wp-content\/gallery\/2020-montserrat\/M-2020-Montserrat-Lleida.JPG\"><img decoding=\"async\" src=\"https:\/\/beatofranciscocastello.com\/wp-content\/gallery\/2020-montserrat\/cache\/M-2020-Montserrat-Lleida.JPG-nggid03477-ngg0dyn-0x360-00f0w010c010r110f110r010t010.JPG\" alt=\"OLYMPUS DIGITAL CAMERA\" title=\"OLYMPUS DIGITAL CAMERA\"\/><\/a><\/figure><\/div>\n\n<div class=\"wp-block-image\">\n<figure class=\"aligncenter\"><a href=\"https:\/\/beatofranciscocastello.com\/wp-content\/gallery\/2020-montserrat\/M-2020-P4270458.JPG\"><img decoding=\"async\" src=\"https:\/\/beatofranciscocastello.com\/wp-content\/gallery\/2020-montserrat\/cache\/M-2020-P4270458.JPG-nggid03478-ngg0dyn-0x360-00f0w010c010r110f110r010t010.JPG\" alt=\"OLYMPUS DIGITAL CAMERA\" title=\"OLYMPUS DIGITAL CAMERA\"\/><\/a><\/figure><\/div>\n\n\n<p><strong>\u00a0<\/strong><\/p>\n","protected":false},"excerpt":{"rendered":"<p>Publicat al web de TOT LLEIDA Per: Jordi Curc\u00f3 Confraria de la MdD de Montserrat &nbsp;Primer van ser les tradicionals&hellip;<\/p>\n","protected":false},"author":1,"featured_media":0,"comment_status":"open","ping_status":"open","sticky":false,"template":"","format":"standard","meta":{"ngg_post_thumbnail":0,"footnotes":""},"categories":[1],"tags":[],"_links":{"self":[{"href":"https:\/\/xn--confrariamarededudemontserratlleida-qdd.cat\/index.php\/wp-json\/wp\/v2\/posts\/774"}],"collection":[{"href":"https:\/\/xn--confrariamarededudemontserratlleida-qdd.cat\/index.php\/wp-json\/wp\/v2\/posts"}],"about":[{"href":"https:\/\/xn--confrariamarededudemontserratlleida-qdd.cat\/index.php\/wp-json\/wp\/v2\/types\/post"}],"author":[{"embeddable":true,"href":"https:\/\/xn--confrariamarededudemontserratlleida-qdd.cat\/index.php\/wp-json\/wp\/v2\/users\/1"}],"replies":[{"embeddable":true,"href":"https:\/\/xn--confrariamarededudemontserratlleida-qdd.cat\/index.php\/wp-json\/wp\/v2\/comments?post=774"}],"version-history":[{"count":2,"href":"https:\/\/xn--confrariamarededudemontserratlleida-qdd.cat\/index.php\/wp-json\/wp\/v2\/posts\/774\/revisions"}],"predecessor-version":[{"id":777,"href":"https:\/\/xn--confrariamarededudemontserratlleida-qdd.cat\/index.php\/wp-json\/wp\/v2\/posts\/774\/revisions\/777"}],"wp:attachment":[{"href":"https:\/\/xn--confrariamarededudemontserratlleida-qdd.cat\/index.php\/wp-json\/wp\/v2\/media?parent=774"}],"wp:term":[{"taxonomy":"category","embeddable":true,"href":"https:\/\/xn--confrariamarededudemontserratlleida-qdd.cat\/index.php\/wp-json\/wp\/v2\/categories?post=774"},{"taxonomy":"post_tag","embeddable":true,"href":"https:\/\/xn--confrariamarededudemontserratlleida-qdd.cat\/index.php\/wp-json\/wp\/v2\/tags?post=774"}],"curies":[{"name":"wp","href":"https:\/\/api.w.org\/{rel}","templated":true}]}}