{"id":772,"date":"2019-04-27T15:19:00","date_gmt":"2019-04-27T13:19:00","guid":{"rendered":"https:\/\/xn--confrariamarededudemontserratlleida-qdd.cat\/?p=772"},"modified":"2023-10-26T15:21:54","modified_gmt":"2023-10-26T13:21:54","slug":"mes-de-5-000-persones-veneren-la-moreneta-a-la-catedral-de-lleida","status":"publish","type":"post","link":"https:\/\/xn--confrariamarededudemontserratlleida-qdd.cat\/index.php\/2019\/04\/27\/mes-de-5-000-persones-veneren-la-moreneta-a-la-catedral-de-lleida\/","title":{"rendered":"M\u00e9s de 5.000 persones veneren La Moreneta a la Catedral de Lleida"},"content":{"rendered":"\n<figure class=\"wp-block-image\"><img decoding=\"async\" src=\"https:\/\/www.bisbatlleida.org\/sites\/default\/files\/fotosnoticies\/IMG-20180427-WA0054%20%281%29.jpg\" alt=\"\"\/><\/figure>\n\n\n\n<p>Prop de 5.000 persones van venerar \u201cla Moreneta\u201d en el seu altar a la Catedral de Lleida, en una aflu\u00e8ncia multitudin\u00e0ria i continuada al llarg de tota la jornada del 27 d\u2019abril, festa de la Patrona de Catalunya.<\/p>\n\n\n\n<p>La Catedral va obrir les seves portes a 2\/4 de 9 del mat\u00ed i ja no les va tancar fins passades les 9 de la nit. El consiliari de la Confraria de Montserrat de Lleida Mn. Xavier Batiste, va celebrar a les 9 la primera Missa a la capella de la Patrona, amb una nombrosa assist\u00e8ncia.<\/p>\n\n\n\n<p>El consiliari, en la seva homilia feu mem\u00f2ria de la commemoraci\u00f3 de&nbsp;la beatificaci\u00f3 el 27 d\u2019abril de 1958, fa 60 anys, de Santa Teresa Jornet filla d\u2019Aitona i fundadora del&nbsp;les Germanetes dels Ancians Desemparats i com des del 8 d\u2019abril d&#8217;aquest any&nbsp;t\u00e9 una escultura al Cam\u00ed de Sant Miquel a Montserrat.<\/p>\n\n\n\n<figure class=\"wp-block-image\"><img decoding=\"async\" src=\"https:\/\/www.bisbatlleida.org\/sites\/default\/files\/El%20bisbe%20Salvador%20Puja%20al%20cambril.JPG\" alt=\"\"\/><\/figure>\n\n\n\n<p>Al finalitzar es proced\u00ed a la benedicci\u00f3 de les branques de boix, que com \u00e9s ja costum van ser distribu\u00efdes entre els fidels i devots que pujaren al cambril de la Verge.<\/p>\n\n\n\n<p>Durant bona part del mat\u00ed els protagonistes van ser alumnes m\u00e9s petits de diversos centres escolars de la ciutat, com els del &nbsp;col\u00b7legi Santa Anna, Pr\u00e0ctiques 1, que acudiren a a Catedral amb flors i pujaren, amb certa emoci\u00f3 infantil, a venerar \u201cla Moreneta\u201d i recollir el punt de llibre que com tots els anys havia preparat la Confraria com a record de la diada: \u201cN\u2019hem editat 5.000 i els hem donat tots\u201d, explic\u00e0 amb satisfacci\u00f3 el president de la Confraria Josep Estruch, agra\u00eft per la resposta generosa dels lleidatans envers la Patrona de Catalunya: \u201cEl P. Abat de Montserrat ens diu sempre que despr\u00e9s del Monestir, on es fa m\u00e9s festa de tot Catalunya el dia de la Mare de D\u00e9u de Montserrat \u00e9s a Lleida i certament que enguany no ha estat menys\u201d.<\/p>\n\n\n\n<p>Ja a mitja tarda, la cua de fidels que aguardaven per pujar al cambril de la Verge, donava tota la volta pel darrera de l\u2019altar major de la Catedral i la reixa de la capella s\u2019anava omplint de flors i ciris, centenars de ciris. A 2\/4 de 8 de la tarda el bisbe de Lleida Salvador Gim\u00e9nez Valls, va presidir la concelebraci\u00f3 de l\u2019Eucaristia, cantada pel Petit Cor de la Catedral de Lleida i amb l\u2019assist\u00e8ncia de diversos regidors de la Paeria, que van voler sumar-se a la festa de la Patrona de Catalunya<\/p>\n\n\n\n<p>El bisbe Salvador en la seva homilia, agra\u00ed el treball de la Confraria per tenir cura de la devoci\u00f3 a la Mare de D\u00e9u i invit\u00e0 tothom a imitar-la&nbsp; i a prendre-la com a model de seguiment del seu fill Jes\u00fas.<\/p>\n\n\n\n<p>En el moment de la Preg\u00e0ria dels Fidels es feu una oraci\u00f3 per Catalunya: \u201cPels que tenen responsabilitat de guiar el nostre poble, per a que D\u00e9u els inspiri sentiments ben\u00e8vols i el desig de comprometre\u2019s pel b\u00e9 com\u00fa&nbsp; i nosaltres siguem instruments de pau i conc\u00f2rdia enmig de la societat catalana\u201d.<\/p>\n\n\n\n<p>Finalitzada la celebraci\u00f3, el bisbe Salvador, concelebrants, regidors i fidels pujaren al cambril a venerar \u201cla Moreneta\u201d, mentre tothom cantava el Virolai composat per Mn. Cinto Verdaguer. En la capella llu\u00efa la bandera de la Confraria a una banda i a l\u2019altra, la de la penya del Bar\u00e7a, que tamb\u00e9 n\u2019\u00e9s la seva Patrona i tots els anys la porten el dia de la seva festa: \u201cLleida un any m\u00e9s ha estat montserratina\u201d, digu\u00e9 amb goig el president&nbsp;de la Confraria al finalitzar la jornada: \u201cEstem molt cansats, per\u00f2 aquest esfor\u00e7 per la nostra Patrona s\u2019ho val\u201d.<\/p>\n\n\n\n<p>Aqu\u00ed teniu&nbsp;<a href=\"https:\/\/www.flickr.com\/photos\/118930467@N06\/albums\/72157696354101965\">una galeria d&#8217;imatges<\/a>&nbsp;de la jornada.&nbsp;<\/p>\n\n\n\n<p>Jordi Curc\u00f3.<\/p>\n","protected":false},"excerpt":{"rendered":"<p>Prop de 5.000 persones van venerar \u201cla Moreneta\u201d en el seu altar a la Catedral de Lleida, en una aflu\u00e8ncia&hellip;<\/p>\n","protected":false},"author":1,"featured_media":0,"comment_status":"closed","ping_status":"closed","sticky":false,"template":"","format":"standard","meta":{"ngg_post_thumbnail":0,"footnotes":""},"categories":[4],"tags":[],"_links":{"self":[{"href":"https:\/\/xn--confrariamarededudemontserratlleida-qdd.cat\/index.php\/wp-json\/wp\/v2\/posts\/772"}],"collection":[{"href":"https:\/\/xn--confrariamarededudemontserratlleida-qdd.cat\/index.php\/wp-json\/wp\/v2\/posts"}],"about":[{"href":"https:\/\/xn--confrariamarededudemontserratlleida-qdd.cat\/index.php\/wp-json\/wp\/v2\/types\/post"}],"author":[{"embeddable":true,"href":"https:\/\/xn--confrariamarededudemontserratlleida-qdd.cat\/index.php\/wp-json\/wp\/v2\/users\/1"}],"replies":[{"embeddable":true,"href":"https:\/\/xn--confrariamarededudemontserratlleida-qdd.cat\/index.php\/wp-json\/wp\/v2\/comments?post=772"}],"version-history":[{"count":1,"href":"https:\/\/xn--confrariamarededudemontserratlleida-qdd.cat\/index.php\/wp-json\/wp\/v2\/posts\/772\/revisions"}],"predecessor-version":[{"id":773,"href":"https:\/\/xn--confrariamarededudemontserratlleida-qdd.cat\/index.php\/wp-json\/wp\/v2\/posts\/772\/revisions\/773"}],"wp:attachment":[{"href":"https:\/\/xn--confrariamarededudemontserratlleida-qdd.cat\/index.php\/wp-json\/wp\/v2\/media?parent=772"}],"wp:term":[{"taxonomy":"category","embeddable":true,"href":"https:\/\/xn--confrariamarededudemontserratlleida-qdd.cat\/index.php\/wp-json\/wp\/v2\/categories?post=772"},{"taxonomy":"post_tag","embeddable":true,"href":"https:\/\/xn--confrariamarededudemontserratlleida-qdd.cat\/index.php\/wp-json\/wp\/v2\/tags?post=772"}],"curies":[{"name":"wp","href":"https:\/\/api.w.org\/{rel}","templated":true}]}}