{"id":765,"date":"2011-04-27T15:14:00","date_gmt":"2011-04-27T13:14:00","guid":{"rendered":"https:\/\/xn--confrariamarededudemontserratlleida-qdd.cat\/?p=765"},"modified":"2023-10-26T15:23:10","modified_gmt":"2023-10-26T13:23:10","slug":"festa-de-la-mare-de-deu-de-montserrat-a-la-catedral-de-lleida","status":"publish","type":"post","link":"https:\/\/xn--confrariamarededudemontserratlleida-qdd.cat\/index.php\/2011\/04\/27\/festa-de-la-mare-de-deu-de-montserrat-a-la-catedral-de-lleida\/","title":{"rendered":"Festa de la Mare de D\u00e9u de Montserrat a la Catedral de Lleida"},"content":{"rendered":"\n<p>Publicat al web del <a href=\"https:\/\/www.bisbatlleida.org\/ca\/noticia\/04-05-2012\/festa-de-la-mare-de-d%C3%A9u-de-montserrat-a-la-catedral-de-lleida\" data-type=\"link\" data-id=\"https:\/\/www.bisbatlleida.org\/ca\/noticia\/04-05-2012\/festa-de-la-mare-de-d%C3%A9u-de-montserrat-a-la-catedral-de-lleida\">BISBAT DE LLEIDA<\/a><\/p>\n\n\n\n<figure class=\"wp-block-image\"><img decoding=\"async\" src=\"https:\/\/www.bisbatlleida.org\/sites\/default\/files\/fotosnoticies\/SAM_3576.JPG\" alt=\"\"\/><\/figure>\n\n\n\n<p>&nbsp;La Catedral de Lleida ha estat, durant la jornada del 27 d\u2019abril, el centre dels actes en honor a la Mare de D\u00e9u de Montserrat. Aquests han estat organitzats per la seva Confraria i han tingut com a pr\u00f2leg un Tridu de preparaci\u00f3.<\/p>\n\n\n\n<p>La jornada s\u2019ha iniciat a les 9 del mat\u00ed amb la celebraci\u00f3 de la Missa Primera, a l\u2019altar de la capella de la Patrona de Catalunya, oficiada pel consiliari Mn. Xavier Batiste. En la celebraci\u00f3, s\u2019ha pregat pels confrares difunts i s\u2019han beneit les branquetes de boix, s\u00edmbol montserrat\u00ed per excel\u2022l\u00e8ncia i que durant la jornada han rebut, com a record, els fidels i devots que han pujat al cambril per venerar la imatge de la Patrona.<\/p>\n\n\n\n<p>La Confraria ha editat, tamb\u00e9 com a record, 5.500 punts de llibre amb la imatge de la Mare de D\u00e9u de Montserrat de Lleida, una talla de l\u2019escultor Josep M. Camps i Arnau de l\u2019any 1949 i una poesia de la lleidatana Maria del Carme Mor, \u201cLleida i la Moreneta\u201d. Amb aquesta edici\u00f3, la Confraria fa un c\u00e0lcul aproximat dels fidels i devots que durant tota la jornada passen a venerar la Patrona de Catalunya a la Catedral de Lleida, depositant flors i ciris als seus peus, que han sigut enguany prop de 6.000.<\/p>\n\n\n\n<p>Durant el mat\u00ed, els protagonistes de l\u2019ofrena han sigut els infants dels col\u2022legis Santa Anna, Mater Salvatoris, l\u2019Episcopal i Frederic God\u00e0s, del barri de la Bordeta de Lleida. Ja per la tarda, la filera de fidels que feien cua per pujar al cambril de la Patrona ha envoltat les naus de la Catedral.<\/p>\n\n\n\n<p>A las 12 del migdia, s\u2019han sumat a la festa les campanes de la Seu Vella, en un repic organitzat per la Confraria de Campaners de Catalunya. A darrera hora de la tarda, s\u2019han concl\u00f2s els actes amb la solemne concelebraci\u00f3 Eucaristia, presidida por Mn. Jaume Pedr\u00f3s, deg\u00e0 del Cap\u00edtol Catedral.<\/p>\n\n\n\n<p>En la seva homilia, el Deg\u00e0 s\u2019ha referit a Montserrat com a referent del cristianisme a la nostra terra i ha convidat els fidels a imitar Maria en el seguiment de Jes\u00fas, regressant aix\u00ed a la nostra fe, esperan\u00e7a i caritat. El Petit Cor de la Catedral de Lleida, aix\u00ed com representants de diverses corales de la ciutat, han solemnitzat la celebraci\u00f3, que ha concl\u00f2s amb el cant del Virolai en honor a la Patrona de Catalunya.<\/p>\n\n\n\n<p>Aquesta \u00e9s una festa multitudin\u00e0ria que tots els anys Lleida reviu amb entusiasme montserrat\u00ed. La Confraria prepara la LXV Romiatge a Montserrat, del 9 al 16 de juliol. Coincidint amb el Romiatge, el diumenge 19 de juliol es celebrar\u00e0 la diada de Lleida a Montserrat amb la participaci\u00f3 de la Confraria en la Missa Conventual i la recepci\u00f3 amb el P. Abat.<\/p>\n","protected":false},"excerpt":{"rendered":"<p>Publicat al web del BISBAT DE LLEIDA &nbsp;La Catedral de Lleida ha estat, durant la jornada del 27 d\u2019abril, el&hellip;<\/p>\n","protected":false},"author":1,"featured_media":0,"comment_status":"closed","ping_status":"closed","sticky":false,"template":"","format":"standard","meta":{"ngg_post_thumbnail":0,"footnotes":""},"categories":[4],"tags":[],"_links":{"self":[{"href":"https:\/\/xn--confrariamarededudemontserratlleida-qdd.cat\/index.php\/wp-json\/wp\/v2\/posts\/765"}],"collection":[{"href":"https:\/\/xn--confrariamarededudemontserratlleida-qdd.cat\/index.php\/wp-json\/wp\/v2\/posts"}],"about":[{"href":"https:\/\/xn--confrariamarededudemontserratlleida-qdd.cat\/index.php\/wp-json\/wp\/v2\/types\/post"}],"author":[{"embeddable":true,"href":"https:\/\/xn--confrariamarededudemontserratlleida-qdd.cat\/index.php\/wp-json\/wp\/v2\/users\/1"}],"replies":[{"embeddable":true,"href":"https:\/\/xn--confrariamarededudemontserratlleida-qdd.cat\/index.php\/wp-json\/wp\/v2\/comments?post=765"}],"version-history":[{"count":4,"href":"https:\/\/xn--confrariamarededudemontserratlleida-qdd.cat\/index.php\/wp-json\/wp\/v2\/posts\/765\/revisions"}],"predecessor-version":[{"id":771,"href":"https:\/\/xn--confrariamarededudemontserratlleida-qdd.cat\/index.php\/wp-json\/wp\/v2\/posts\/765\/revisions\/771"}],"wp:attachment":[{"href":"https:\/\/xn--confrariamarededudemontserratlleida-qdd.cat\/index.php\/wp-json\/wp\/v2\/media?parent=765"}],"wp:term":[{"taxonomy":"category","embeddable":true,"href":"https:\/\/xn--confrariamarededudemontserratlleida-qdd.cat\/index.php\/wp-json\/wp\/v2\/categories?post=765"},{"taxonomy":"post_tag","embeddable":true,"href":"https:\/\/xn--confrariamarededudemontserratlleida-qdd.cat\/index.php\/wp-json\/wp\/v2\/tags?post=765"}],"curies":[{"name":"wp","href":"https:\/\/api.w.org\/{rel}","templated":true}]}}