{"id":761,"date":"2021-04-27T15:08:00","date_gmt":"2021-04-27T13:08:00","guid":{"rendered":"https:\/\/xn--confrariamarededudemontserratlleida-qdd.cat\/?p=761"},"modified":"2023-10-26T15:22:22","modified_gmt":"2023-10-26T13:22:22","slug":"la-festivitat-de-la-mare-de-deu-de-montserrar-a-la-catedral","status":"publish","type":"post","link":"https:\/\/xn--confrariamarededudemontserratlleida-qdd.cat\/index.php\/2021\/04\/27\/la-festivitat-de-la-mare-de-deu-de-montserrar-a-la-catedral\/","title":{"rendered":"La festivitat de la Mare de D\u00e9u de Montserrar a la Catedral"},"content":{"rendered":"\n<p>Publicat al web del <a href=\"https:\/\/www.bisbatlleida.org\/ca\/noticia\/29-04-2015\/la-festivitat-de-la-mare-de-d%C3%A9u-de-montserrat-a-la-catedral\" data-type=\"link\" data-id=\"https:\/\/www.bisbatlleida.org\/ca\/noticia\/29-04-2015\/la-festivitat-de-la-mare-de-d%C3%A9u-de-montserrat-a-la-catedral\">BISBAT DE LLEIDA<\/a><\/p>\n\n\n<div class=\"wp-block-image\">\n<figure class=\"aligncenter\"><img decoding=\"async\" src=\"https:\/\/www.bisbatlleida.org\/sites\/default\/files\/fotosnoticies\/17308164461_67e11e6d4a_z.jpg\" alt=\"\"\/><\/figure><\/div>\n\n\n<p>La Catedral de Lleida va acollir els principals actes en honor de la Mare de D\u00e9u de Montserrat amb motiu de la festivitat de la patrona de Catalunya i en els quals van participar centenars de lleidatans.<\/p>\n\n\n\n<p class=\"has-text-align-center\"><img decoding=\"async\" src=\"https:\/\/www.bisbatlleida.org\/sites\/default\/files\/17308147911_cac12f88fa_z.jpg\" alt=\"\"><\/p>\n\n\n\n<p>Els actes van comen\u00e7ar al mat\u00ed amb la celebraci\u00f3 d\u2019una eucaristia i van continuar a la tarda amb la visita espiritual, que va dirigir Mn. Xavier Batiste, consiliari de la Confraria.<\/p>\n\n\n\n<p>Tot seguit, el vicari general, Mn. Ramon Prat, en nom del bisbe Joan, absent per malaltia, va presidir la missa agraint la participaci\u00f3 dels lleidatans que anaven atansant-se a retre homenatge i fer les ofrenes a la Verge.<\/p>\n\n\n\n<p>En les lectures, Mn. Prat es va referir a la muntanya de Montserrat com a lloc de trobada amb D\u00e9u i va recordar la figura de Maria, com un exemple de senzillesa i disposici\u00f3 a fer la voluntat del Senyor, evitant el protagonisme i el \u201csortir a la foto\u201d. Va ser llavors quan el vicari general va recordar aquelles paraules mirant Jes\u00fas a la creu: \u201cSenyor, v\u00f3s que heu fet tant per mi, que puc fer jo per vos?\u201d, i les va posar com a exemple de comprom\u00eds, que hem de fer els bons cristians cada dia.<\/p>\n\n\n\n<p>Mn. Prat va confessar que entre els records m\u00e9s entranyables de petit figurava el trasllat de la Mare de D\u00e9u de Montserrat de l\u2019Esgl\u00e9sia de Sant Lloren\u00e7 fins a la Catedral, un cop aquesta va estar reconstru\u00efda.<\/p>\n\n\n\n<p>M\u00e9s fotos en aquest\u00a0<strong><a href=\"https:\/\/www.flickr.com\/photos\/118930467@N06\/sets\/72157652245637491\/\">enlla\u00e7<\/a><\/strong>.<\/p>\n","protected":false},"excerpt":{"rendered":"<p>Publicat al web del BISBAT DE LLEIDA La Catedral de Lleida va acollir els principals actes en honor de la&hellip;<\/p>\n","protected":false},"author":1,"featured_media":0,"comment_status":"closed","ping_status":"closed","sticky":false,"template":"","format":"standard","meta":{"ngg_post_thumbnail":0,"footnotes":""},"categories":[4],"tags":[],"_links":{"self":[{"href":"https:\/\/xn--confrariamarededudemontserratlleida-qdd.cat\/index.php\/wp-json\/wp\/v2\/posts\/761"}],"collection":[{"href":"https:\/\/xn--confrariamarededudemontserratlleida-qdd.cat\/index.php\/wp-json\/wp\/v2\/posts"}],"about":[{"href":"https:\/\/xn--confrariamarededudemontserratlleida-qdd.cat\/index.php\/wp-json\/wp\/v2\/types\/post"}],"author":[{"embeddable":true,"href":"https:\/\/xn--confrariamarededudemontserratlleida-qdd.cat\/index.php\/wp-json\/wp\/v2\/users\/1"}],"replies":[{"embeddable":true,"href":"https:\/\/xn--confrariamarededudemontserratlleida-qdd.cat\/index.php\/wp-json\/wp\/v2\/comments?post=761"}],"version-history":[{"count":2,"href":"https:\/\/xn--confrariamarededudemontserratlleida-qdd.cat\/index.php\/wp-json\/wp\/v2\/posts\/761\/revisions"}],"predecessor-version":[{"id":764,"href":"https:\/\/xn--confrariamarededudemontserratlleida-qdd.cat\/index.php\/wp-json\/wp\/v2\/posts\/761\/revisions\/764"}],"wp:attachment":[{"href":"https:\/\/xn--confrariamarededudemontserratlleida-qdd.cat\/index.php\/wp-json\/wp\/v2\/media?parent=761"}],"wp:term":[{"taxonomy":"category","embeddable":true,"href":"https:\/\/xn--confrariamarededudemontserratlleida-qdd.cat\/index.php\/wp-json\/wp\/v2\/categories?post=761"},{"taxonomy":"post_tag","embeddable":true,"href":"https:\/\/xn--confrariamarededudemontserratlleida-qdd.cat\/index.php\/wp-json\/wp\/v2\/tags?post=761"}],"curies":[{"name":"wp","href":"https:\/\/api.w.org\/{rel}","templated":true}]}}