{"id":759,"date":"2020-04-27T15:03:00","date_gmt":"2020-04-27T13:03:00","guid":{"rendered":"https:\/\/xn--confrariamarededudemontserratlleida-qdd.cat\/?p=759"},"modified":"2023-10-26T15:22:02","modified_gmt":"2023-10-26T13:22:02","slug":"missa-restringida-de-la-festa-de-la-mare-de-deu-de-montserrat-a-la-catedral","status":"publish","type":"post","link":"https:\/\/xn--confrariamarededudemontserratlleida-qdd.cat\/index.php\/2020\/04\/27\/missa-restringida-de-la-festa-de-la-mare-de-deu-de-montserrat-a-la-catedral\/","title":{"rendered":"Missa restringida de la festa de la Mare de D\u00e9u de Montserrat a la Catedral"},"content":{"rendered":"\n<figure class=\"wp-block-image is-resized\"><img decoding=\"async\" src=\"https:\/\/www.bisbatlleida.org\/sites\/default\/files\/fotosnoticies\/Missa%20moreneta%202704%202020.JPG\" alt=\"\" style=\"aspect-ratio:2.1476510067114094;width:767px;height:auto\"\/><\/figure>\n\n\n\n<p>Publicat al web del <a href=\"https:\/\/www.bisbatlleida.org\/ca\/content\/missa-restringida-de-la-festa-de-la-mare-de-d%C3%A9u-de-montserrat-la-catedral\" data-type=\"link\" data-id=\"https:\/\/www.bisbatlleida.org\/ca\/content\/missa-restringida-de-la-festa-de-la-mare-de-d%C3%A9u-de-montserrat-la-catedral\">BISBAT DE LLEIDA<\/a><\/p>\n\n\n\n<p>La Confraria de la Mare de D\u00e9u de Montserrat de Lleida, va celebrar el dilluns 27 d\u2019abril la festa de la Patrona de Catalunya, per\u00f2 amb un caire prou diferent d\u2019altres anys i sense la participaci\u00f3 multitudin\u00e0ria del\u00a0 lleidatans \u2013prop de 5.000 ho van fer l\u2019any passat- que acudien en aquesta jornada a la Catedral a ofrenar veles i flors a La Moreneta.<br>Recordem que la Confraria de Montserrat va traslladar la celebraci\u00f3 de la festa al 8 de setembre. Per\u00f2 el dia de la festa a les 11 del mat\u00ed ha celebrat una Eucaristia a l\u2019altar de la Patrona a la Catedral, presidida pel consiliari Mn. Josep M. Escorihuela i concelebrada pel deg\u00e0 del cap\u00edtol, Mn. Gerard Soler i el rector de la Catedral, Mn. Vicens Alfonso.<br>L\u2019assist\u00e8ncia fou redu\u00efda, solament deu persones, gaireb\u00e9 totes elles components de la junta directiva de la Confraria, que han assistit a la celebraci\u00f3 amb mascaretes i situades als bancs, respectant la distancia recomanada. Tot i aquesta m\u00ednima participaci\u00f3, les noves tecnologies han perm\u00e8s que centenars de persones hagin pogut seguir la celebraci\u00f3 en directe mitjan\u00e7ant la retransmissi\u00f3 per Facebook. Tothom qui ho vulgui la pot visualitzar pel Youtube.<br>El Consiliari en la seva homilia, s\u2019ha referit a l\u2019emoci\u00f3 que sentia al celebrar la seva primera Missa en la festa de la Patrona i en les actuals circumst\u00e0ncia. Alhora tamb\u00e9, per haver-se revestit amb la casulla de la Confraria: \u201cQue abans van portar Mn. Ramon Espasa, Mn. Mario Rodrigo i Mn. Xavier Batiste. Que hem passat a mi la for\u00e7a espiritual que ells han tingut per acompanyar la valenta Confraria de la Mare de D\u00e9u de Montserrat de Lleida i segons diuen a Montserrat, la millor de totes\u201d.<br>En la preg\u00e0ria dels fidels i als peus de la Moreneta, es va recordar els malalts de coronavirus i els que han mort per la pand\u00e8mia, entre ells un membre de la Confraria. Tamb\u00e9 es va pregar pels sanitaris, les forces de seguretat i per tots els col\u2022lectius que treballen al servei dels ciutadans. Es va pregar tamb\u00e9 pels que tenen en aquests moments responsabilitats pol\u00edtiques.<br>Al finalitzar la celebraci\u00f3 i com es tradici\u00f3 en aquesta jornada es va cantar el Virolai i es va pujar al cambril a venerar la Moreneta, amb una lleu inclinaci\u00f3 de cap.<br>Ja a la tarda i despr\u00e9s de l\u2019aplaudiment d\u2019agra\u00efment a tots aquells que lluiten per v\u00e8ncer el Coronavirus i responent a la crida que havia fet la Confraria amb el lema \u201cLleida canta el Virolai\u201d, molts ciutadans van cantar, interpretar amb instruments musicals o reproduir l\u2019himne a la Patrona de Catalunya des dels balcons i finestres dels seu domicilis, unint-se amb aquest gest simb\u00f2lic a la seva festa.<\/p>\n","protected":false},"excerpt":{"rendered":"<p>Publicat al web del BISBAT DE LLEIDA La Confraria de la Mare de D\u00e9u de Montserrat de Lleida, va celebrar&hellip;<\/p>\n","protected":false},"author":1,"featured_media":0,"comment_status":"closed","ping_status":"closed","sticky":false,"template":"","format":"standard","meta":{"ngg_post_thumbnail":0,"footnotes":""},"categories":[4],"tags":[],"_links":{"self":[{"href":"https:\/\/xn--confrariamarededudemontserratlleida-qdd.cat\/index.php\/wp-json\/wp\/v2\/posts\/759"}],"collection":[{"href":"https:\/\/xn--confrariamarededudemontserratlleida-qdd.cat\/index.php\/wp-json\/wp\/v2\/posts"}],"about":[{"href":"https:\/\/xn--confrariamarededudemontserratlleida-qdd.cat\/index.php\/wp-json\/wp\/v2\/types\/post"}],"author":[{"embeddable":true,"href":"https:\/\/xn--confrariamarededudemontserratlleida-qdd.cat\/index.php\/wp-json\/wp\/v2\/users\/1"}],"replies":[{"embeddable":true,"href":"https:\/\/xn--confrariamarededudemontserratlleida-qdd.cat\/index.php\/wp-json\/wp\/v2\/comments?post=759"}],"version-history":[{"count":1,"href":"https:\/\/xn--confrariamarededudemontserratlleida-qdd.cat\/index.php\/wp-json\/wp\/v2\/posts\/759\/revisions"}],"predecessor-version":[{"id":760,"href":"https:\/\/xn--confrariamarededudemontserratlleida-qdd.cat\/index.php\/wp-json\/wp\/v2\/posts\/759\/revisions\/760"}],"wp:attachment":[{"href":"https:\/\/xn--confrariamarededudemontserratlleida-qdd.cat\/index.php\/wp-json\/wp\/v2\/media?parent=759"}],"wp:term":[{"taxonomy":"category","embeddable":true,"href":"https:\/\/xn--confrariamarededudemontserratlleida-qdd.cat\/index.php\/wp-json\/wp\/v2\/categories?post=759"},{"taxonomy":"post_tag","embeddable":true,"href":"https:\/\/xn--confrariamarededudemontserratlleida-qdd.cat\/index.php\/wp-json\/wp\/v2\/tags?post=759"}],"curies":[{"name":"wp","href":"https:\/\/api.w.org\/{rel}","templated":true}]}}