{"id":757,"date":"2021-04-24T14:57:00","date_gmt":"2021-04-24T12:57:00","guid":{"rendered":"https:\/\/xn--confrariamarededudemontserratlleida-qdd.cat\/?p=757"},"modified":"2023-11-08T19:57:51","modified_gmt":"2023-11-08T17:57:51","slug":"confraria-mare-de-deu-de-montserrat-lleida-10","status":"publish","type":"post","link":"https:\/\/xn--confrariamarededudemontserratlleida-qdd.cat\/index.php\/2021\/04\/24\/confraria-mare-de-deu-de-montserrat-lleida-10\/","title":{"rendered":"L\u2019Abat de Montserrat presidir\u00e0 l&#8217;Eucarist a la Catedral de Lleida"},"content":{"rendered":"\n<figure class=\"wp-block-image\"><img decoding=\"async\" src=\"https:\/\/www.bisbatlleida.org\/sites\/default\/files\/fotosnoticies\/Montserrat.jpg\" alt=\"\"\/><\/figure>\n\n\n\n<p>Publicat al web del <a href=\"https:\/\/www.bisbatlleida.org\/ca\/noticia\/23-04-2016\/l%E2%80%99abat-de-montserrat-presidir%C3%A0-l%E2%80%99eucaristia-a-la-catedral-de-lleida\" data-type=\"link\" data-id=\"https:\/\/www.bisbatlleida.org\/ca\/noticia\/23-04-2016\/l%E2%80%99abat-de-montserrat-presidir%C3%A0-l%E2%80%99eucaristia-a-la-catedral-de-lleida\">BISBAT DE LLEIDA<\/a><\/p>\n\n\n\n<p>El diumenge 24 d\u2019abril a les 7\u201930 de la tarda el P. Josep Maria Soler, abat del monestir de Montserrat celebrar\u00e0 l\u2019Eucaristia a la Catedral de Lleida, en el primer dia del Tridu en honor de la Patrona de Catalunya.\u00a0La celebraci\u00f3 ser\u00e0 solemnitzada&#8230;<\/p>\n\n\n\n<p>per la Coral Maristes Montserrat i s\u2019emmarca en els actes programats per la Confraria de la Mare de D\u00e9u de Montserrat de Lleida, amb ocasi\u00f3 de la festa de la Patrona, el dimecres 27 d\u2019abril.<\/p>\n\n\n\n<p>El dilluns dia 25, tamb\u00e9 a les 7\u201930 de la tarda i a la mateixa Catedral de Lleida en la segona jornada del Tridu, ser\u00e0 el recentment elegit Abat de Poblet, el P. Octavi Vil\u00e0, qui presidir\u00e0 l\u2019Eucaristia que ser\u00e0 solemnitzada per la Schola Cantorum de Lleida.<\/p>\n\n\n\n<p>Finalment ser\u00e0 el bisbe de Lleida Salvador Gim\u00e9nez Valls, qui presideixi la concelebraci\u00f3 Eucar\u00edstica del dia de la Patrona de Catalunya el 27 d\u2019Abril, a les 7\u201930 de la tarda, precedida per la tradicional ofrena florals dels lleidatans a la Moreneta, que t\u00e9 lloc de les 9 del mat\u00ed i durant tota la diada.&nbsp;Els actes&nbsp;els organitza la Confraria de la Mare de D\u00e9u de Montserrat de Lleida, que enguany celebra el 70 aniversari de la seva refundaci\u00f3 (1946) i alhora els 135 anys de la fundaci\u00f3 (1881).&nbsp;<\/p>\n","protected":false},"excerpt":{"rendered":"<p>Publicat al web del BISBAT DE LLEIDA El diumenge 24 d\u2019abril a les 7\u201930 de la tarda el P. Josep&hellip;<\/p>\n","protected":false},"author":1,"featured_media":0,"comment_status":"closed","ping_status":"closed","sticky":false,"template":"","format":"standard","meta":{"ngg_post_thumbnail":0,"footnotes":""},"categories":[4],"tags":[],"_links":{"self":[{"href":"https:\/\/xn--confrariamarededudemontserratlleida-qdd.cat\/index.php\/wp-json\/wp\/v2\/posts\/757"}],"collection":[{"href":"https:\/\/xn--confrariamarededudemontserratlleida-qdd.cat\/index.php\/wp-json\/wp\/v2\/posts"}],"about":[{"href":"https:\/\/xn--confrariamarededudemontserratlleida-qdd.cat\/index.php\/wp-json\/wp\/v2\/types\/post"}],"author":[{"embeddable":true,"href":"https:\/\/xn--confrariamarededudemontserratlleida-qdd.cat\/index.php\/wp-json\/wp\/v2\/users\/1"}],"replies":[{"embeddable":true,"href":"https:\/\/xn--confrariamarededudemontserratlleida-qdd.cat\/index.php\/wp-json\/wp\/v2\/comments?post=757"}],"version-history":[{"count":1,"href":"https:\/\/xn--confrariamarededudemontserratlleida-qdd.cat\/index.php\/wp-json\/wp\/v2\/posts\/757\/revisions"}],"predecessor-version":[{"id":758,"href":"https:\/\/xn--confrariamarededudemontserratlleida-qdd.cat\/index.php\/wp-json\/wp\/v2\/posts\/757\/revisions\/758"}],"wp:attachment":[{"href":"https:\/\/xn--confrariamarededudemontserratlleida-qdd.cat\/index.php\/wp-json\/wp\/v2\/media?parent=757"}],"wp:term":[{"taxonomy":"category","embeddable":true,"href":"https:\/\/xn--confrariamarededudemontserratlleida-qdd.cat\/index.php\/wp-json\/wp\/v2\/categories?post=757"},{"taxonomy":"post_tag","embeddable":true,"href":"https:\/\/xn--confrariamarededudemontserratlleida-qdd.cat\/index.php\/wp-json\/wp\/v2\/tags?post=757"}],"curies":[{"name":"wp","href":"https:\/\/api.w.org\/{rel}","templated":true}]}}