{"id":753,"date":"2023-04-25T14:49:00","date_gmt":"2023-04-25T12:49:00","guid":{"rendered":"https:\/\/xn--confrariamarededudemontserratlleida-qdd.cat\/?p=753"},"modified":"2024-05-26T14:59:54","modified_gmt":"2024-05-26T12:59:54","slug":"confraria-mare-de-deu-de-montserrat-lleida-4","status":"publish","type":"post","link":"https:\/\/xn--confrariamarededudemontserratlleida-qdd.cat\/index.php\/2023\/04\/25\/confraria-mare-de-deu-de-montserrat-lleida-4\/","title":{"rendered":"2023 : Actes en honor de la Mare de D\u00e9u de Montserrat"},"content":{"rendered":"\n<p>Publicat al web del <a href=\"https:\/\/www.bisbatlleida.org\/ca\/content\/punt-els-actes-en-honor-la-mare-de-d%C3%A9u-de-montserrat\" data-type=\"link\" data-id=\"https:\/\/www.bisbatlleida.org\/ca\/content\/punt-els-actes-en-honor-la-mare-de-d%C3%A9u-de-montserrat\">BISBAT DE LLEIDA<\/a><\/p>\n\n\n\n<p>La Confraria de la Mare de D\u00e9u de Montserrat de Lleida ja t\u00e9 a punt els actes en honor de la Mare de D\u00e9u de Montserrat, que se celebra dijous de la setmana vinent, 27 d&#8217;abril. L&#8217;acte central ser\u00e0 l&#8217;Eucaristia que presidir\u00e0 el bisbe Salvador a la Catedral a partir de les set de la tarda, solemnitzada pel Petit Cor de la Catedral, i seguida per la veneraci\u00f3 de la imatge de la Patrona al final de la celebraci\u00f3 i pel cant de la Salve i el Virolai.<\/p>\n\n\n\n<p>Abans, ja hi haur\u00e0 hagut, a les nou del mat\u00ed, l&#8217;Eucaristia a l&#8217;altar de la Mare de D\u00e9u de Montserrat de la Catedral, presidida pel consiliari de la Confraria, moss\u00e8n Josep Maria Escorihuela. La celebraci\u00f3 ser\u00e0 aplicada en sufragi dels confrares difunts, especialment els traspassats en el darrer any: Amadeu Bonet, M.Carme Esquerda, Ramona Font, Merc\u00e8 Mateu, Carme Estela, Neus Lamarca i S\u00edlvia L\u00f3pez. A les 11h hi haur\u00e0 Eucaristia a l&#8217;altar major i, a les 12h, res del Regina Coell i cant del Virolai. Ja a la tarda, a partir de les 18:30h, es far\u00e0 una visita espiritual a la Mare de D\u00e9u de Montserrat, dirigida per moss\u00e8n Escorihuela.<\/p>\n\n\n\n<p>La Confraria convida les parr\u00f2quies, comunitats i entitats religioses i marianes de la di\u00f2cesi, aix\u00ed com al conjunt de fidels, a fer la tradicional ofrena floral a la Moreneta, que es podr\u00e0 fer, sense interrupci\u00f3, des de les nou del mat\u00ed fins a les nou de la nit.<\/p>\n\n\n\n<p>D&#8217;altra banda, el proper dissabte 6 de maig se celebrar\u00e0 a Montserrat la cinquena Trobada de la Confraria, on s&#8217;aplegaran les diverses delegacions que hi ha a tota Catalunya, entre elles, la de Lleida.<\/p>\n\n\n\n<figure class=\"wp-block-image\"><img decoding=\"async\" src=\"https:\/\/www.bisbatlleida.org\/sites\/default\/files\/fotosnoticies\/IMG_4243.jpg\" alt=\"\"\/><\/figure>\n","protected":false},"excerpt":{"rendered":"<p>Publicat al web del BISBAT DE LLEIDA La Confraria de la Mare de D\u00e9u de Montserrat de Lleida ja t\u00e9&hellip;<\/p>\n","protected":false},"author":1,"featured_media":0,"comment_status":"closed","ping_status":"closed","sticky":false,"template":"","format":"standard","meta":{"ngg_post_thumbnail":0,"footnotes":""},"categories":[4],"tags":[],"_links":{"self":[{"href":"https:\/\/xn--confrariamarededudemontserratlleida-qdd.cat\/index.php\/wp-json\/wp\/v2\/posts\/753"}],"collection":[{"href":"https:\/\/xn--confrariamarededudemontserratlleida-qdd.cat\/index.php\/wp-json\/wp\/v2\/posts"}],"about":[{"href":"https:\/\/xn--confrariamarededudemontserratlleida-qdd.cat\/index.php\/wp-json\/wp\/v2\/types\/post"}],"author":[{"embeddable":true,"href":"https:\/\/xn--confrariamarededudemontserratlleida-qdd.cat\/index.php\/wp-json\/wp\/v2\/users\/1"}],"replies":[{"embeddable":true,"href":"https:\/\/xn--confrariamarededudemontserratlleida-qdd.cat\/index.php\/wp-json\/wp\/v2\/comments?post=753"}],"version-history":[{"count":3,"href":"https:\/\/xn--confrariamarededudemontserratlleida-qdd.cat\/index.php\/wp-json\/wp\/v2\/posts\/753\/revisions"}],"predecessor-version":[{"id":1124,"href":"https:\/\/xn--confrariamarededudemontserratlleida-qdd.cat\/index.php\/wp-json\/wp\/v2\/posts\/753\/revisions\/1124"}],"wp:attachment":[{"href":"https:\/\/xn--confrariamarededudemontserratlleida-qdd.cat\/index.php\/wp-json\/wp\/v2\/media?parent=753"}],"wp:term":[{"taxonomy":"category","embeddable":true,"href":"https:\/\/xn--confrariamarededudemontserratlleida-qdd.cat\/index.php\/wp-json\/wp\/v2\/categories?post=753"},{"taxonomy":"post_tag","embeddable":true,"href":"https:\/\/xn--confrariamarededudemontserratlleida-qdd.cat\/index.php\/wp-json\/wp\/v2\/tags?post=753"}],"curies":[{"name":"wp","href":"https:\/\/api.w.org\/{rel}","templated":true}]}}