{"id":731,"date":"2020-09-08T13:39:00","date_gmt":"2020-09-08T11:39:00","guid":{"rendered":"https:\/\/xn--confrariamarededudemontserratlleida-qdd.cat\/?p=731"},"modified":"2023-10-26T15:33:15","modified_gmt":"2023-10-26T13:33:15","slug":"la-confraria-de-la-mare-de-deu-de-montserrat-celebra-la-festa-de-les-marededeus-trobades","status":"publish","type":"post","link":"https:\/\/xn--confrariamarededudemontserratlleida-qdd.cat\/index.php\/2020\/09\/08\/la-confraria-de-la-mare-de-deu-de-montserrat-celebra-la-festa-de-les-marededeus-trobades\/","title":{"rendered":"La Confraria de la Mare de D\u00e9u de Montserrat celebra la Festa de les Mareded\u00e9us trobadeses Mar"},"content":{"rendered":"\n<p>&nbsp;Publicat al web de la <a href=\"https:\/\/www.lleidaparticipa.cat\/index_web.php?ap=czo3OiJwb3J0YWRhIjs=&amp;pagina=111&amp;idw=czozOiI0NTciOw==&amp;idi=czozOiJjYXQiOw==&amp;idn=8cc73dd2a42ac2d64984ddb3c72f633b\" data-type=\"link\" data-id=\"https:\/\/www.lleidaparticipa.cat\/index_web.php?ap=czo3OiJwb3J0YWRhIjs=&amp;pagina=111&amp;idw=czozOiI0NTciOw==&amp;idi=czozOiJjYXQiOw==&amp;idn=8cc73dd2a42ac2d64984ddb3c72f633b\">PARR\u00d2QUIA DE LA MARE DE D\u00c9U DEL CARME<\/a><\/p>\n\n\n\n<p><strong>A LA CATEDRAL AMB UNA CONCORREGUDA EUCARISTIA<\/strong><\/p>\n\n\n\n<p>La Confraria de la Mare de D\u00e9u de Montserrat de Lleida, celebr\u00e0 el 8 de setembre la festa de la Nativitat de la Mare de D\u00e9u, coneguda popularment com a Festa de les Mareded\u00e9us Trobades, com ho \u00e9s la Patrona de Catalunya.<\/p>\n\n\n\n<p>Ho feu a la Catedral Nova, amb la celebraci\u00f3 d\u2019una Eucaristia a l\u2019altar de la Moreneta presidida pel bisbe de Lleida Mons. Salvador Gim\u00e9nez Valls&nbsp; i concelebrada pel consiliari Mn. Xavier Batiste i pel diaca i alhora confrare, Mn. Pl\u00e0cid Burgu\u00e9s.<\/p>\n\n\n\n<p>A la celebraci\u00f3 assist\u00ed el president de la Confraria Josep Estruch i tota la junta directiva, a m\u00e9s a m\u00e9s de nombrosos confrares i fidels que ompliren el bancs instal\u2022lats davant la capella i bona part dels primers bancs de la Catedral, a l\u2019al\u00e7ada de l\u2019altar de la MdD de Montserrat.<\/p>\n\n\n\n<p>El bisbe Salvador en les primeres paraules de la seva homilia, felicit\u00e0 als confrares de Montserrat i a la junta de la Confraria per la festa i per totes les seves activitats i iniciatives: \u201c&#8230;que procuren expandir la devoci\u00f3 i apropar la nostra Patrona a tota la gent\u201d.&nbsp; Tot seguit es refer\u00ed la festa del Naixement de la Mare de D\u00e9u, destacant el seu marcat car\u00e0cter Mari\u00e0 que tradicionalment ha tingut la festa a casa nostra, amb nombroses poblacions celebren el seu patronatge com a Festa Major i moltes ermites i santuaris que veneren en aquesta jornada a la seva Mare de D\u00e9u Trobada: \u201cEn aquest dia que retrobem a Maria, Ella ens convida a trobar-nos amb el Senyor, a seguir-lo amb coher\u00e8ncia que ens interpel\u2022lar\u00e0 a canviar les nostres vides. Avui \u00e9s un bon dia per pregar per la vida, per tota la vida\u201d, digu\u00e9 el bisbe Salvador referint-se tamb\u00e9 a les vides del concebuts i encara no nascuts.<\/p>\n\n\n\n<p><strong>LLIURAMENT DE LA C\u00c8DULA I LA INS\u00cdGNIA DE CONFRARE<\/strong><\/p>\n\n\n\n<p>Al finalitzar la celebraci\u00f3 el president de la Confraria Josep Estruch, dirig\u00ed unes paraules de salutaci\u00f3 a tots les confrares per signific\u00e0 l\u2019acte que s\u2019anava a celebrar i posant en valor la renovaci\u00f3 i adaptaci\u00f3 de la Confraria als nous temps. Tot seguit el bisbe Salvador, lliur\u00e0 una a una a tots els confrares presents la c\u00e8dula nominal signada per l\u2019abat de Montserrat P. Josep M. Soler, que els acredita com a confrares de la Confraria de la Mare de D\u00e9u de Montserrat de Lleida inscrits a la Confraria del Monestir de Montserrat. Tamb\u00e9 se\u2019ls lliur\u00e0 la ins\u00edgnia de la Confraria i un llant\u00f3, portat expressament des de Montserrat.<\/p>\n\n\n\n<p>La celebraci\u00f3, com no podia ser d\u2019un altra manera va cloure amb el cant del Virolai interpretat pel Petit Cor de la Catedral de Lleida, que tamb\u00e9 havia interpretat durant la celebraci\u00f3 l\u2019himne \u201cBruna de Montserrat\u201d, amb lletra de Rosa Fabregat i Sol\u00e9 i m\u00fasica del mestre de capella de la Catedral Mn. Joaquim Mesalles. Mentre s\u2019escoltava i cantava el Virolai, els fidels anaven pujant al cambril de \u201cla Moreneta\u201d per venerar, com \u00e9s costum, la seva imatge.<\/p>\n\n\n\n<p><strong>ANADA A MONTSERRAT EL DISSABTE 15 DE SETEMBRE<\/strong><\/p>\n\n\n\n<p>L\u2019Eucaristia fou tamb\u00e9 ocasi\u00f3 per recordar els confrares difunts. En aquets sentit, la Confraria ha preparat una anada a Montserrat prevista pel proper dissabte 15 de setembre, per tal d\u2019assistir a la celebraci\u00f3 de l\u2019Eucaristia que per aquets mateixos difunts tindr\u00e0 lloc aquest dia al monestir de Montserrat.<\/p>\n\n\n\n<p>Ja al vespre, les xarxes socials i el grup de whatsap de la Confraria, van fer-se ress\u00f2 de la festa amb expressions com les seg\u00fcents:&nbsp; \u201cQuin bon record d\u2019un bon dia als peus de la nostra Patrona, amb la satisfacci\u00f3 de la bona resposta del confrares, amb una celebraci\u00f3 molt viscuda i un acte emotiu\u201d. Tamb\u00e9 la premsa va deixar-ne const\u00e0ncia escrita i gr\u00e0fica, nom\u00e9s cal citar el titular d\u2019un dels diaris de Lleida: \u201cMultitudin\u00e0ria festa de les Mareded\u00e9us Trobades a la Catedral de Lleida\u201d. I aix\u00ed fou i en donem gr\u00e0cies.<\/p>\n\n\n\n<p><strong>Jordi Curc\u00f3<\/strong><\/p>\n\n\n\n<figure class=\"wp-block-image\"><img decoding=\"async\" src=\"https:\/\/www.lleidaparticipa.cat\/public\/457\/image\/+%20not%C3%ADcies\/any%202018\/festa%20naixement%20marededeu\/Eucaristia%20altar%20Patrona%20(Copy).JPG\" alt=\"\"\/><\/figure>\n\n\n<div class=\"wp-block-image\">\n<figure class=\"aligncenter size-full is-resized\"><img loading=\"lazy\" decoding=\"async\" width=\"640\" height=\"398\" src=\"https:\/\/xn--confrariamarededudemontserratlleida-qdd.cat\/wp-content\/uploads\/2023\/10\/Nativitat-Mare-de-Deu-web_0.jpg\" alt=\"\" class=\"wp-image-750\" style=\"aspect-ratio:1.6080402010050252;width:762px;height:auto\" srcset=\"https:\/\/xn--confrariamarededudemontserratlleida-qdd.cat\/wp-content\/uploads\/2023\/10\/Nativitat-Mare-de-Deu-web_0.jpg 640w, https:\/\/xn--confrariamarededudemontserratlleida-qdd.cat\/wp-content\/uploads\/2023\/10\/Nativitat-Mare-de-Deu-web_0-300x187.jpg 300w\" sizes=\"(max-width: 640px) 100vw, 640px\" \/><\/figure><\/div>\n\n<div class=\"wp-block-image\">\n<figure class=\"aligncenter\"><img decoding=\"async\" src=\"https:\/\/www.lleidaparticipa.cat\/public\/457\/image\/+%20not%C3%ADcies\/any%202018\/festa%20naixement%20marededeu\/Festa%208%20setembre%20(Copy).jpg\" alt=\"\"\/><\/figure><\/div>\n\n\n<figure class=\"wp-block-image\"><img decoding=\"async\" src=\"https:\/\/www.lleidaparticipa.cat\/public\/457\/image\/+%20not%C3%ADcies\/any%202018\/festa%20naixement%20marededeu\/Lliuramentde%20cedules%20confrare%20(Copy).jpg\" alt=\"\"\/><\/figure>\n\n\n<div class=\"wp-block-image\">\n<figure class=\"aligncenter\"><img decoding=\"async\" src=\"https:\/\/www.lleidaparticipa.cat\/public\/457\/image\/+%20not%C3%ADcies\/any%202018\/festa%20naixement%20marededeu\/Bisbe%20Salvador%20Eucaristia%208%20setembre%20(Copy).jpg\" alt=\"\"\/><\/figure><\/div>\n\n<div class=\"wp-block-image\">\n<figure class=\"aligncenter\"><img decoding=\"async\" src=\"https:\/\/www.lleidaparticipa.cat\/public\/457\/image\/+%20not%C3%ADcies\/any%202018\/festa%20naixement%20marededeu\/Missa%208%20setembre%20(Copy).jpg\" alt=\"\"\/><\/figure><\/div>","protected":false},"excerpt":{"rendered":"<p>&nbsp;Publicat al web de la PARR\u00d2QUIA DE LA MARE DE D\u00c9U DEL CARME A LA CATEDRAL AMB UNA CONCORREGUDA EUCARISTIA&hellip;<\/p>\n","protected":false},"author":1,"featured_media":0,"comment_status":"closed","ping_status":"closed","sticky":false,"template":"","format":"standard","meta":{"ngg_post_thumbnail":0,"footnotes":""},"categories":[4],"tags":[],"_links":{"self":[{"href":"https:\/\/xn--confrariamarededudemontserratlleida-qdd.cat\/index.php\/wp-json\/wp\/v2\/posts\/731"}],"collection":[{"href":"https:\/\/xn--confrariamarededudemontserratlleida-qdd.cat\/index.php\/wp-json\/wp\/v2\/posts"}],"about":[{"href":"https:\/\/xn--confrariamarededudemontserratlleida-qdd.cat\/index.php\/wp-json\/wp\/v2\/types\/post"}],"author":[{"embeddable":true,"href":"https:\/\/xn--confrariamarededudemontserratlleida-qdd.cat\/index.php\/wp-json\/wp\/v2\/users\/1"}],"replies":[{"embeddable":true,"href":"https:\/\/xn--confrariamarededudemontserratlleida-qdd.cat\/index.php\/wp-json\/wp\/v2\/comments?post=731"}],"version-history":[{"count":4,"href":"https:\/\/xn--confrariamarededudemontserratlleida-qdd.cat\/index.php\/wp-json\/wp\/v2\/posts\/731\/revisions"}],"predecessor-version":[{"id":752,"href":"https:\/\/xn--confrariamarededudemontserratlleida-qdd.cat\/index.php\/wp-json\/wp\/v2\/posts\/731\/revisions\/752"}],"wp:attachment":[{"href":"https:\/\/xn--confrariamarededudemontserratlleida-qdd.cat\/index.php\/wp-json\/wp\/v2\/media?parent=731"}],"wp:term":[{"taxonomy":"category","embeddable":true,"href":"https:\/\/xn--confrariamarededudemontserratlleida-qdd.cat\/index.php\/wp-json\/wp\/v2\/categories?post=731"},{"taxonomy":"post_tag","embeddable":true,"href":"https:\/\/xn--confrariamarededudemontserratlleida-qdd.cat\/index.php\/wp-json\/wp\/v2\/tags?post=731"}],"curies":[{"name":"wp","href":"https:\/\/api.w.org\/{rel}","templated":true}]}}