{"id":729,"date":"2019-04-26T13:34:00","date_gmt":"2019-04-26T11:34:00","guid":{"rendered":"https:\/\/xn--confrariamarededudemontserratlleida-qdd.cat\/?p=729"},"modified":"2023-10-26T13:45:07","modified_gmt":"2023-10-26T11:45:07","slug":"la-confraria-de-montserrat-inicia-a-puigverd-de-lleida-la-festa-de-la-patrona-de-catalunya","status":"publish","type":"post","link":"https:\/\/xn--confrariamarededudemontserratlleida-qdd.cat\/index.php\/2019\/04\/26\/la-confraria-de-montserrat-inicia-a-puigverd-de-lleida-la-festa-de-la-patrona-de-catalunya\/","title":{"rendered":"La Confraria de Montserrat inicia a Puigverd de Lleida la festa de la patrona de Catalunya"},"content":{"rendered":"\n<p>Publicat al web del <a href=\"http:\/\/s392600374.mialojamiento.es\/noticia\/26-04-2019\/la-confraria-de-montserrat-inicia-a-puigverd-de-lleida-la-festa-de-la-patrona-de\" data-type=\"link\" data-id=\"http:\/\/s392600374.mialojamiento.es\/noticia\/26-04-2019\/la-confraria-de-montserrat-inicia-a-puigverd-de-lleida-la-festa-de-la-patrona-de\">BISBAT DE LLEIDA<\/a><\/p>\n\n\n\n<p>La Confraria de la Mare de D\u00e9u de Montserrat de Lleida, com ja \u00e9s tradici\u00f3, ha organitzat el Tridu de preparaci\u00f3 a la festa de la Patrona de Catalunya, que tindr\u00e0 lloc el proper dissabte 27 d\u2019abril.<\/p>\n\n\n\n<p>El Tridu, de car\u00e0cter itinerant, ha comen\u00e7at enguany el dimecres 24 a la parr\u00f2quia de Sant Pere de Puigverd de Lleida, amb la celebraci\u00f3 de l\u2019Eucaristia presidida pel rector Mn. Lucas Francisco Evung, amb ocasi\u00f3 de la festa de Sant Jordi, patr\u00f3 del poble i dels 120 anys de la Coral \u201cLa Palometa\u201d, que ha solemnitzat la celebraci\u00f3.<\/p>\n\n\n\n<p>Al finalitzar i abans de cantar el Virolai, davant la imatge de la Mare de D\u00e9u de Montserrat que havia estat col\u00b7locada en un lateral del presbiteri, juntament amb la del patr\u00f3 Sant Jordi, el president de la Confraria Josep Estruch lliur\u00e0 a la parr\u00f2quia i a la Coral \u201cLa Palometa\u201d un llibre de la hist\u00f2ria de la Confraria de la Mare de D\u00e9u de Montserrat de Lleida,de la qual n\u2019\u00e9s autor. Tanmateix mentre l\u2019alcalde de Puigverd Josep Solsona, feu obsequi a la Confraria de Lleida d\u2019una placa commemorativa i un llibre de la hist\u00f2ria del poble.<\/p>\n\n\n\n<p>El segon dia el Tridu, el dijous 25, tindr\u00e0 lloc a la parr\u00f2quia de Sant Joan de Lleida amb motiu dels 850 anys, amb la celebraci\u00f3 de l\u2019Eucaristia a les 8 de la tarda presidida pel rector Mn. Jaume Pons i solemnitzada per la Coral del Carme i la Coral Romanesa. El Tridu clour\u00e0 el divendres 26 a les 8 de la tarda, a la parr\u00f2quia de la Mare de D\u00e9u de Montserrat, amb la celebraci\u00f3 de l\u2019Eucaristia presidida pel rector Mn. Manel Mercad\u00e9.<\/p>\n\n\n\n<p>El dissabte 27 d\u2019abril ser\u00e0 la Catedral de Lleida, on hi ha l\u2019altar de la Patrona, la que acollir\u00e0 com ja \u00e9s tradici\u00f3 la festa de la Mare de D\u00e9u de Montserrat. A les 9 del mat\u00ed, a la capella de la Patrona tindr\u00e0 lloc la celebraci\u00f3 de l\u2019Eucaristia, presidida pel consiliari de la Confraria Mn. Xavier Batiste, que clour\u00e0 amb la benedicci\u00f3 del boix que ser\u00e0 distribu\u00eft entre&nbsp;els fidels i devots que acudeixin aquest dia a venerar \u201cLa Moreneta\u201d en el seu cambril. Tot seguit s\u2019iniciar\u00e0 l\u2019ofrena de flors i llum a la Patrona, mentre que a les 12 del migdia es previst el res de la Visita Espiritual a la Mare de D\u00e9u de Montserrat i el cant de l\u2019\u00c0ngelus. Ja per la tarda, la Coral Maristes Montserrat, sota la direcci\u00f3 de Gerard Guiu far\u00e0 a les 6\u201930 una Ofrena Musical a la Patrona. La festa clour\u00e0 a les 7\u201930 de la tarda, amb l\u2019Eucar\u00edstica presidida pel bisbe de Lleida Mons. Salvador Gim\u00e9nez Valls, solemnitzada pel Petit Cor de la Catedral.<\/p>\n\n\n\n<p>Amb ocasi\u00f3 d\u2019aquesta diada, la Confraria ha publicat el N. 92 del seu butllet\u00ed \u201cEl Mat\u00ed\u201d i ha editat 5.000 punts de llibre, que seran distribu\u00efts entre els fidels i devots que acudeixin a la Catedral per venerar \u201cla Moreneta\u201d, il\u00b7lustrats amb un dibuix de F\u00e8lix Montagut.<\/p>\n","protected":false},"excerpt":{"rendered":"<p>Publicat al web del BISBAT DE LLEIDA La Confraria de la Mare de D\u00e9u de Montserrat de Lleida, com ja&hellip;<\/p>\n","protected":false},"author":1,"featured_media":0,"comment_status":"closed","ping_status":"closed","sticky":false,"template":"","format":"standard","meta":{"ngg_post_thumbnail":0,"footnotes":""},"categories":[4],"tags":[],"_links":{"self":[{"href":"https:\/\/xn--confrariamarededudemontserratlleida-qdd.cat\/index.php\/wp-json\/wp\/v2\/posts\/729"}],"collection":[{"href":"https:\/\/xn--confrariamarededudemontserratlleida-qdd.cat\/index.php\/wp-json\/wp\/v2\/posts"}],"about":[{"href":"https:\/\/xn--confrariamarededudemontserratlleida-qdd.cat\/index.php\/wp-json\/wp\/v2\/types\/post"}],"author":[{"embeddable":true,"href":"https:\/\/xn--confrariamarededudemontserratlleida-qdd.cat\/index.php\/wp-json\/wp\/v2\/users\/1"}],"replies":[{"embeddable":true,"href":"https:\/\/xn--confrariamarededudemontserratlleida-qdd.cat\/index.php\/wp-json\/wp\/v2\/comments?post=729"}],"version-history":[{"count":1,"href":"https:\/\/xn--confrariamarededudemontserratlleida-qdd.cat\/index.php\/wp-json\/wp\/v2\/posts\/729\/revisions"}],"predecessor-version":[{"id":730,"href":"https:\/\/xn--confrariamarededudemontserratlleida-qdd.cat\/index.php\/wp-json\/wp\/v2\/posts\/729\/revisions\/730"}],"wp:attachment":[{"href":"https:\/\/xn--confrariamarededudemontserratlleida-qdd.cat\/index.php\/wp-json\/wp\/v2\/media?parent=729"}],"wp:term":[{"taxonomy":"category","embeddable":true,"href":"https:\/\/xn--confrariamarededudemontserratlleida-qdd.cat\/index.php\/wp-json\/wp\/v2\/categories?post=729"},{"taxonomy":"post_tag","embeddable":true,"href":"https:\/\/xn--confrariamarededudemontserratlleida-qdd.cat\/index.php\/wp-json\/wp\/v2\/tags?post=729"}],"curies":[{"name":"wp","href":"https:\/\/api.w.org\/{rel}","templated":true}]}}