{"id":725,"date":"2023-10-09T13:29:00","date_gmt":"2023-10-09T11:29:00","guid":{"rendered":"https:\/\/xn--confrariamarededudemontserratlleida-qdd.cat\/?p=725"},"modified":"2024-06-22T16:25:44","modified_gmt":"2024-06-22T14:25:44","slug":"confraria-mare-de-deu-de-montserrat-lleida-3","status":"publish","type":"post","link":"https:\/\/xn--confrariamarededudemontserratlleida-qdd.cat\/index.php\/2023\/10\/09\/confraria-mare-de-deu-de-montserrat-lleida-3\/","title":{"rendered":"Discurs del Sant Pare Francesc als membres de la Confraria de la Mare de D\u00e9u de Montserrat"},"content":{"rendered":"\r\n<p>Escrit per la Delegaci\u00f3 MCSC<\/p>\r\n\r\n\r\n<div class=\"wp-block-image\">\r\n<figure class=\"aligncenter size-full is-resized\"><img loading=\"lazy\" decoding=\"async\" width=\"200\" height=\"149\" class=\"wp-image-726\" style=\"aspect-ratio: 1.342281879194631; width: 298px; height: auto;\" src=\"https:\/\/xn--confrariamarededudemontserratlleida-qdd.cat\/wp-content\/uploads\/2023\/10\/image-2.png\" alt=\"\"><\/figure><\/div>\r\n\r\n\r\n<p>Publicat al web del <a href=\"https:\/\/www.bisbaturgell.org\/index.php\/ca\/mes-noticies\/895-noticies-2021-urgell\/13342-discurs-del-sant-pare-francesc-als-membres-de-la-confraria-de-la-mare-de-deu-de-montserrat\" data-type=\"link\" data-id=\"https:\/\/www.bisbaturgell.org\/index.php\/ca\/mes-noticies\/895-noticies-2021-urgell\/13342-discurs-del-sant-pare-francesc-als-membres-de-la-confraria-de-la-mare-de-deu-de-montserrat\">BISBAT D&#8217;URGELL<\/a><\/p>\r\n\r\n\r\n\r\n<p><strong>Paraules del papa Francesc amb motiu del 800 aniversari de la Confraria de la Mare de D\u00e9u de Montserrat<\/strong><\/p>\r\n\r\n\r\n\r\n<p>Pati de Sant D\u00e0mas, Ciutat de Vatic\u00e0.&nbsp;<br>Dissabte, 7 d\u2019octubre del 2023&nbsp;<\/p>\r\n\r\n\r\n\r\n<p>Bon dia a tots!&nbsp;<\/p>\r\n\r\n\r\n\r\n<p>Benvinguts. Saludo cordialment el cardenal Omella, el Pare Abat de Montserrat Manel Gasch, els altres bisbes, sacerdots, religiosos presents, i tots els fidels que participen en aquest pelegrinatge. Gr\u00e0cies, gr\u00e0cies per aquesta visita. Estic content de rebre\u2019ls i de veure\u2019ls en aquest dia que celebrem la nostra Mare celestial sota l\u2019advocaci\u00f3 de la Mare de D\u00e9u del Roser. Celebrar Maria \u00e9s celebrar la proximitat i la tendresa de D\u00e9u que es troba amb el seu poble, que no ens deixa sols, que ens ha donat una Mare que ens cuida i acompanya. \u00c9s celebrar la proximitat de D\u00e9u perqu\u00e8 l\u2019estil de D\u00e9u \u00e9s proximitat, compassi\u00f3 i tendresa. Aix\u00ed estima D\u00e9u i veient Maria un ent\u00e9n la proximitat de D\u00e9u, la compassi\u00f3 de D\u00e9u en una Mare i la tendresa de D\u00e9u.&nbsp;<\/p>\r\n\r\n\r\n\r\n<p>Precisament vost\u00e8s o van venir com a pelegrins a Roma per celebrar, donar gr\u00e0cies al Senyor per aquesta pres\u00e8ncia de Maria tan propera que, des de fa 800 anys, els acompanya en el cam\u00ed de la vida cristiana. Evoquem ara la seva imatge: la Mare de D\u00e9u de Montserrat, la volguda \u201cMoreneta\u201d, est\u00e0 asseguda i t\u00e9 el Nen a la falda, \u00e9s la \u201cMare de D\u00e9u\u201d, ia la m\u00e0 dreta sost\u00e9 una esfera que simbolitza l\u2019univers, \u00e9s la \u201c Reina i Senyora de tot all\u00f2 creat\u201d.&nbsp;<\/p>\r\n\r\n\r\n\r\n<p>Tenir present aquesta doble vocaci\u00f3 de Maria a ser mare de D\u00e9u i mare nostra ens ajuda a reflexionar sobre el tema escollit per a aquest pelegrinatge: \u201cPietat popular, amistat social i confraternitat universal\u201d. Sabem que la devoci\u00f3 mariana significa molt a les manifestacions de pietat del sant poble fidel de D\u00e9u. \u00c9s la Mare. Pensem, en aquests 800 anys de pres\u00e8ncia a Montserrat, quants fidels visitant el seu santuari, desgranant els comptes del rosari, demanant amb humilitat i senzillesa a la Moreneta la seva intercessi\u00f3 per ells, pels seus \u00e9ssers estimats! I quantes, quantes manifestacions d\u2019afecte filial, de s\u00fapliques i accions de gr\u00e0cies! Quan el Poble de D\u00e9u visitar\u00e0 la seva Mare, s\u2019expressa, s\u2019expressa d\u2019una manera que potser no ho fa tant en cap altre tipus de preg\u00e0ria. Davant de la Mare, com que es desperten els sentiments m\u00e9s nobles d\u2019una persona. I quan Maria escolta les nostres preg\u00e0ries, fa aquest gest, que \u00e9s el gest m\u00e9s mari\u00e0. Assenyala Jes\u00fas: \u201cFeu el que Ell us digui\u201d. \u00c9s el gest t\u00edpicament mari\u00e0. Indica el cam\u00ed i parla el seu Fill perqu\u00e8 entengui.<\/p>\r\n\r\n\r\n\r\n<p>La for\u00e7a evangelitzadora de la pietat popular crea condicions favorables perqu\u00e8 els lla\u00e7os d\u2019amistat i fraternitat entre els pobles creixin i s\u2019enforteixin (cf. Exhort. ap. Evangelii gaudium nn. 122-126). Sant Pau VI ja ho havia ent\u00e8s, i va canviar el nom: de \u201creligiositat popular\u201d a \u201cpietat popular\u201d. I al seu Evangelii Nuntiandi t\u00e9 par\u00e0grafs molt clarets sobre aquesta gr\u00e0cia \u2015\u00e9s una gr\u00e0cia que tenen els pobles\u2015 de la pietat popular.<\/p>\r\n\r\n\r\n\r\n<p>I tamb\u00e9 en aquest aspecte, la devoci\u00f3 mariana t\u00e9 un lloc privilegiat. Maria \u00e9s advocada, per\u00f2 avui dia la paraula \u201cadvocat\u201d \u00e9s massa funcional, \u00e9s millor dir \u00e9s \u201cfacilitadora\u201d. Maria \u00e9s facilitadora en els conflictes i els problemes, com en la manca de vi als casaments.<\/p>\r\n\r\n\r\n\r\n<p>Ella ens ajuda a \u201cdesfer els nusos\u201d que s\u2019hagin fet en nosaltres i entre nosaltres. \u00c9s a dir, Maria tamb\u00e9 aplana el cam\u00ed de l\u2019amistat entre els pobles, convidant-nos a tornar la nostra mirada a l\u2019origen i la meta de la nostra exist\u00e8ncia, que \u00e9s Jesucrist, i ens anima a seguir-ne l\u2019exemple, recorrent els camins de la pau, l\u2019amabilitat , l\u2019escolta i el di\u00e0leg pacient i confiat.<\/p>\r\n\r\n\r\n\r\n<p>Germans i germanes, la Mare de D\u00e9u de Montserrat, amb el m\u00f3n a les mans, ens convida a viure aquesta fraternitat universal, sense fronteres, sense exclusions, que dissipa les ombres d\u2019un entorn tancat. Ella \u00abest\u00e0 atenta no nom\u00e9s Jes\u00fas sin\u00f3 tamb\u00e9 \u201cla resta dels seus descendents\u201d (Ap 12,17). Ella, amb el poder del Ressuscitat, vol parir un m\u00f3n nou, on tots s\u00f3n germans, on hi hagi lloc per a cada descartat de les nostres ciutats, on resplendeixin la just\u00edcia i la pau\u00bb (Carta enc. Fratelli tutti, n. 278). Per a ella no hi ha descart, \u00e9s la Mare dels descartats, dels quals nosaltres descartem perqu\u00e8 els va a buscar. No coneix l?actitud de descartar ning\u00fa. I com que \u00e9s Mare, sap escoltar tantes coses, tantes peticions, fins i tot quan neixen d\u2019un cor doble, d\u2019un cor que no \u00e9s coherent amb ell mateix, un cor injust que fa mal. Escolta, escolta el fill criminal tamb\u00e9.<\/p>\r\n\r\n\r\n\r\n<p>\u00c9s bonic reflexionar sobre aquests temes i poder experimentar junts l\u2019alegria d\u2019anunciar Crist de la m\u00e0 de Maria, Mare de l\u2019Evangeli vivent, Estrella de l\u2019evangelitzaci\u00f3. Els animo a seguir endavant en aquesta missi\u00f3, que \u00e9s do i tasca. Que Jes\u00fas els beneeixi, que la Verge els cuidi \u2015\u00e9s bona cuidadora, sap cuidar\u2015 i que els ajudi a seguir caminant junts. I, de passada, els demano que no us oblideu de resar per mi. Gr\u00e0cies.<\/p>\r\n\r\n\r\n\r\n<p>Papa Francesc<\/p>\r\n","protected":false},"excerpt":{"rendered":"<p>Escrit per la Delegaci\u00f3 MCSC Publicat al web del BISBAT D&#8217;URGELL Paraules del papa Francesc amb motiu del 800 aniversari&hellip;<\/p>\n","protected":false},"author":1,"featured_media":1281,"comment_status":"closed","ping_status":"closed","sticky":true,"template":"","format":"standard","meta":{"ngg_post_thumbnail":0,"footnotes":""},"categories":[4],"tags":[],"_links":{"self":[{"href":"https:\/\/xn--confrariamarededudemontserratlleida-qdd.cat\/index.php\/wp-json\/wp\/v2\/posts\/725"}],"collection":[{"href":"https:\/\/xn--confrariamarededudemontserratlleida-qdd.cat\/index.php\/wp-json\/wp\/v2\/posts"}],"about":[{"href":"https:\/\/xn--confrariamarededudemontserratlleida-qdd.cat\/index.php\/wp-json\/wp\/v2\/types\/post"}],"author":[{"embeddable":true,"href":"https:\/\/xn--confrariamarededudemontserratlleida-qdd.cat\/index.php\/wp-json\/wp\/v2\/users\/1"}],"replies":[{"embeddable":true,"href":"https:\/\/xn--confrariamarededudemontserratlleida-qdd.cat\/index.php\/wp-json\/wp\/v2\/comments?post=725"}],"version-history":[{"count":3,"href":"https:\/\/xn--confrariamarededudemontserratlleida-qdd.cat\/index.php\/wp-json\/wp\/v2\/posts\/725\/revisions"}],"predecessor-version":[{"id":1282,"href":"https:\/\/xn--confrariamarededudemontserratlleida-qdd.cat\/index.php\/wp-json\/wp\/v2\/posts\/725\/revisions\/1282"}],"wp:featuredmedia":[{"embeddable":true,"href":"https:\/\/xn--confrariamarededudemontserratlleida-qdd.cat\/index.php\/wp-json\/wp\/v2\/media\/1281"}],"wp:attachment":[{"href":"https:\/\/xn--confrariamarededudemontserratlleida-qdd.cat\/index.php\/wp-json\/wp\/v2\/media?parent=725"}],"wp:term":[{"taxonomy":"category","embeddable":true,"href":"https:\/\/xn--confrariamarededudemontserratlleida-qdd.cat\/index.php\/wp-json\/wp\/v2\/categories?post=725"},{"taxonomy":"post_tag","embeddable":true,"href":"https:\/\/xn--confrariamarededudemontserratlleida-qdd.cat\/index.php\/wp-json\/wp\/v2\/tags?post=725"}],"curies":[{"name":"wp","href":"https:\/\/api.w.org\/{rel}","templated":true}]}}