{"id":717,"date":"2022-09-12T13:12:00","date_gmt":"2022-09-12T11:12:00","guid":{"rendered":"https:\/\/xn--confrariamarededudemontserratlleida-qdd.cat\/?p=717"},"modified":"2023-10-26T13:47:05","modified_gmt":"2023-10-26T11:47:05","slug":"la-catedral-de-lleida-celebra-el-75e-aniversari-de-lentronitzacio-de-la-mare-de-deu-de-montserrat","status":"publish","type":"post","link":"https:\/\/xn--confrariamarededudemontserratlleida-qdd.cat\/index.php\/2022\/09\/12\/la-catedral-de-lleida-celebra-el-75e-aniversari-de-lentronitzacio-de-la-mare-de-deu-de-montserrat\/","title":{"rendered":"La Catedral de Lleida celebra el 75\u00e8 aniversari de l&#8217;entronitzaci\u00f3 de la Mare de D\u00e9u de Montserrat"},"content":{"rendered":"\n<p>Publicat<strong>\u00a0<\/strong>al web de <a href=\"https:\/\/www.lleida.com\/noticia_canal\/la-catedral-de-lleida-celebra-el-75e-aniversari-de-lentronitzacio-de-la-mare-de-deu-de\" data-type=\"link\" data-id=\"https:\/\/www.lleida.com\/noticia_canal\/la-catedral-de-lleida-celebra-el-75e-aniversari-de-lentronitzacio-de-la-mare-de-deu-de\">LLEIDA.COM<\/a><\/p>\n\n\n\n<p><strong>La Confraria de la Mare de D\u00e9u de Montserrat de Lleida\u00a0<\/strong>commemorava dissabte, 10 de setembre, a les 7 de la tarda a la Catedral, tal i com es va fer\u00a0a la resta de catedrals de tot Catalunya,\u00a0<strong>el 75\u00e8 aniversari de l&#8217;entronitzaci\u00f3 de la Patrona de Catalunya al seu tron de Montserrat<\/strong>. La celebraci\u00f3, que commemorarva\u00a0alhora la festa tradicional de les Mareded\u00e9us Trobades del 8 de setembre, s\u2019iniciava\u00a0amb una solemne Eucaristia presidida pel bisbe de Lleida, Salvador Gim\u00e9nez, concelebrada pel consiliari de la Confraria, moss\u00e8n Josep M. Escorihuela i el monjo Joan M. Mayol, director de la Confraria de Montserrat i rector del santuari. Solemnitzava\u00a0la celebraci\u00f3 el Petit Cor de la Catedral de Lleida, sota la direcci\u00f3 del Mestre de Capella moss\u00e8n Joaquim Mesalles. La imatge de la Moreneta, venerada durant l&#8217;any al cambril de l&#8217;altar de la Confraria, va ser traslladada per aquesta celebraci\u00f3 a l\u2019altar major de la Catedral, per a ser retornada tot just acabada la celebraci\u00f3 en process\u00f3 per l&#8217;interior del temple fins la seva capella, portada per confrares de Montserrat i membres de l&#8217;Hospitalitat de la Mare de D\u00e9u de Lourdes. Com ja \u00e9s tradici\u00f3, la cloenda la posava el cant del Virolai i la recitaci\u00f3 de l&#8217;oraci\u00f3 del 75\u00e8 aniversari, renovant aix\u00ed la devoci\u00f3 de Lleida a la Patrona de Catalunya.<\/p>\n\n\n\n<p><strong><em>Fotografies:\u00a0Jordi G\u00f3mez Pay\u00e0<\/em><\/strong><\/p>\n\n\n\n<p> <img decoding=\"async\" src=\"https:\/\/www.lleida.com\/sites\/default\/files\/styles\/noticia_canal_full\/public\/noticies\/plantilla_preview_facebook_lleidacom_7_43.png?itok=1CFef6Bk\" alt=\"La Catedral de Lleida celebra el 75\u00e8 aniversari de l'entronitzaci\u00f3 de la Mare de D\u00e9u de Montserrat\"><\/p>\n\n\n\n<p><img decoding=\"async\" src=\"https:\/\/www.lleida.com\/sites\/default\/files\/styles\/noticia_canal_full\/public\/noticies\/plantilla_preview_facebook_lleidacom_9_29.png?itok=cBtO8Eov\" alt=\"La Catedral de Lleida celebra el 75\u00e8 aniversari de l'entronitzaci\u00f3 de la Mare de D\u00e9u de Montserrat\"><\/p>\n\n\n\n<figure class=\"wp-block-image size-full is-resized\"><img loading=\"lazy\" decoding=\"async\" width=\"687\" height=\"387\" src=\"https:\/\/xn--confrariamarededudemontserratlleida-qdd.cat\/wp-content\/uploads\/2023\/10\/image-1.png\" alt=\"\" class=\"wp-image-719\" style=\"aspect-ratio:1.7751937984496124;width:683px;height:auto\" srcset=\"https:\/\/xn--confrariamarededudemontserratlleida-qdd.cat\/wp-content\/uploads\/2023\/10\/image-1.png 687w, https:\/\/xn--confrariamarededudemontserratlleida-qdd.cat\/wp-content\/uploads\/2023\/10\/image-1-300x169.png 300w\" sizes=\"(max-width: 687px) 100vw, 687px\" \/><\/figure>\n\n\n\n<figure class=\"wp-block-image size-full is-resized\"><img loading=\"lazy\" decoding=\"async\" width=\"687\" height=\"387\" src=\"https:\/\/xn--confrariamarededudemontserratlleida-qdd.cat\/wp-content\/uploads\/2023\/10\/image.png\" alt=\"\" class=\"wp-image-718\" style=\"aspect-ratio:1.7751937984496124;width:684px;height:auto\" srcset=\"https:\/\/xn--confrariamarededudemontserratlleida-qdd.cat\/wp-content\/uploads\/2023\/10\/image.png 687w, https:\/\/xn--confrariamarededudemontserratlleida-qdd.cat\/wp-content\/uploads\/2023\/10\/image-300x169.png 300w\" sizes=\"(max-width: 687px) 100vw, 687px\" \/><\/figure>\n\n\n\n<p><strong>La Confraria de la Mare de D\u00e9u de Montserrat de Lleida&nbsp;<\/strong>commemorava dissabte, 10 de setembre, a les 7 de la tarda a la Catedral, tal i com es va fer&nbsp;a la resta de catedrals de tot Catalunya,&nbsp;<strong>el 75\u00e8 aniversari de l&#8217;entronitzaci\u00f3 de la Patrona de Catalunya al seu tron de Montserrat<\/strong>. La celebraci\u00f3, que commemorarva&nbsp;alhora la festa tradicional de les Mareded\u00e9us Trobades del 8 de setembre, s\u2019iniciava&nbsp;amb una solemne Eucaristia presidida pel bisbe de Lleida, Salvador Gim\u00e9nez, concelebrada pel consiliari de la Confraria, moss\u00e8n Josep M. Escorihuela i el monjo Joan M. Mayol, director de la Confraria de Montserrat i rector del santuari. Solemnitzava&nbsp;la celebraci\u00f3 el Petit Cor de la Catedral de Lleida, sota la direcci\u00f3 del Mestre de Capella moss\u00e8n Joaquim Mesalles. La imatge de la Moreneta, venerada durant l&#8217;any al cambril de l&#8217;altar de la Confraria, va ser traslladada per aquesta celebraci\u00f3 a l\u2019altar major de la Catedral, per a ser retornada tot just acabada la celebraci\u00f3 en process\u00f3 per l&#8217;interior del temple fins la seva capella, portada per confrares de Montserrat i membres de l&#8217;Hospitalitat de la Mare de D\u00e9u de Lourdes. Com ja \u00e9s tradici\u00f3, la cloenda la posava el cant del Virolai i la recitaci\u00f3 de l&#8217;oraci\u00f3 del 75\u00e8 aniversari, renovant aix\u00ed la devoci\u00f3 de Lleida a la Patrona de Catalunya.<\/p>\n","protected":false},"excerpt":{"rendered":"<p>Publicat\u00a0al web de LLEIDA.COM La Confraria de la Mare de D\u00e9u de Montserrat de Lleida\u00a0commemorava dissabte, 10 de setembre, a&hellip;<\/p>\n","protected":false},"author":1,"featured_media":0,"comment_status":"closed","ping_status":"closed","sticky":false,"template":"","format":"standard","meta":{"ngg_post_thumbnail":0,"footnotes":""},"categories":[4],"tags":[],"_links":{"self":[{"href":"https:\/\/xn--confrariamarededudemontserratlleida-qdd.cat\/index.php\/wp-json\/wp\/v2\/posts\/717"}],"collection":[{"href":"https:\/\/xn--confrariamarededudemontserratlleida-qdd.cat\/index.php\/wp-json\/wp\/v2\/posts"}],"about":[{"href":"https:\/\/xn--confrariamarededudemontserratlleida-qdd.cat\/index.php\/wp-json\/wp\/v2\/types\/post"}],"author":[{"embeddable":true,"href":"https:\/\/xn--confrariamarededudemontserratlleida-qdd.cat\/index.php\/wp-json\/wp\/v2\/users\/1"}],"replies":[{"embeddable":true,"href":"https:\/\/xn--confrariamarededudemontserratlleida-qdd.cat\/index.php\/wp-json\/wp\/v2\/comments?post=717"}],"version-history":[{"count":1,"href":"https:\/\/xn--confrariamarededudemontserratlleida-qdd.cat\/index.php\/wp-json\/wp\/v2\/posts\/717\/revisions"}],"predecessor-version":[{"id":720,"href":"https:\/\/xn--confrariamarededudemontserratlleida-qdd.cat\/index.php\/wp-json\/wp\/v2\/posts\/717\/revisions\/720"}],"wp:attachment":[{"href":"https:\/\/xn--confrariamarededudemontserratlleida-qdd.cat\/index.php\/wp-json\/wp\/v2\/media?parent=717"}],"wp:term":[{"taxonomy":"category","embeddable":true,"href":"https:\/\/xn--confrariamarededudemontserratlleida-qdd.cat\/index.php\/wp-json\/wp\/v2\/categories?post=717"},{"taxonomy":"post_tag","embeddable":true,"href":"https:\/\/xn--confrariamarededudemontserratlleida-qdd.cat\/index.php\/wp-json\/wp\/v2\/tags?post=717"}],"curies":[{"name":"wp","href":"https:\/\/api.w.org\/{rel}","templated":true}]}}