{"id":714,"date":"2016-09-06T13:08:00","date_gmt":"2016-09-06T11:08:00","guid":{"rendered":"https:\/\/xn--confrariamarededudemontserratlleida-qdd.cat\/?p=714"},"modified":"2023-10-26T13:46:29","modified_gmt":"2023-10-26T11:46:29","slug":"presentacio-la-confraria-de-la-mare-de-deu-de-montserrat-de-lleida","status":"publish","type":"post","link":"https:\/\/xn--confrariamarededudemontserratlleida-qdd.cat\/index.php\/2016\/09\/06\/presentacio-la-confraria-de-la-mare-de-deu-de-montserrat-de-lleida\/","title":{"rendered":"Presentaci\u00f3: La Confraria de la Mare de D\u00e9u de Montserrat de Lleida"},"content":{"rendered":"\n<p>Publicat al web d&#8217;<a href=\"https:\/\/www.omnium.cat\/ca\/activitat\/presentacio-la-confraria-de-la-mare-de-deu-de-montserrat-de-lleida\/\" data-type=\"link\" data-id=\"https:\/\/www.omnium.cat\/ca\/activitat\/presentacio-la-confraria-de-la-mare-de-deu-de-montserrat-de-lleida\/\">OMNIUM CULTURAL<\/a><\/p>\n\n\n\n<figure class=\"wp-block-image\"><img decoding=\"async\" src=\"https:\/\/cdn.omnium.cat\/wp-content\/uploads\/2018\/06\/01082634\/confraria_montserrat.jpg\" alt=\"\"\/><\/figure>\n\n\n\n<p>Aquesta presentaci\u00f3 tindr\u00e0 lloc el&nbsp;<strong>dimarts, 6 de setembre, a 2\/4 de 8 del vespre<\/strong><\/p>\n\n\n\n<p>a l\u2019Aula Magna de l\u2019Institut d\u2019Estudis Ilerdencs<\/p>\n\n\n\n<p>Presentaci\u00f3 del llibre de Josep Estruch Bascompte on s\u2019explica la fundaci\u00f3, construcci\u00f3 i consolidaci\u00f3 de la Confraria de la Mare de D\u00e9u de Montserrat (1881-2016), &nbsp;que t\u00e9 com a &nbsp;referent espiritual, cultural i patri\u00f2tic la muntanya i santuari de Montserrat, cor del nostre pa\u00eds.&nbsp;<\/p>\n\n\n\n<p>La hist\u00f2ria de la Confraria corre paral\u00b7lela a la hist\u00f2ria i evoluci\u00f3 de la societat lleidatana i t\u00e9 especial vinculaci\u00f3 amb els prohoms de la Renaixen\u00e7a.<\/p>\n\n\n\n<p>Aquesta presentaci\u00f3 tindr\u00e0 lloc el<\/p>\n\n\n\n<p><strong>dimarts, 6 de setembre, a 2\/4 de 8 del vespre<\/strong><\/p>\n\n\n\n<p>a l\u2019Aula Magna de l\u2019Institut d\u2019Estudis Ilerdencs<\/p>\n\n\n\n<p><strong>Hi participaran:<\/strong><\/p>\n\n\n\n<p>Montse Maci\u00e0, directora de l\u2019IEI<\/p>\n\n\n\n<p>Dr. Ramon Prat, director de l\u2019IREL<\/p>\n\n\n\n<p>Jordi Curc\u00f3, membre de la Confraria<\/p>\n\n\n\n<p>Llu\u00eds Pag\u00e8s, Pag\u00e8s editors<\/p>\n\n\n\n<p>Josep Estruch, autor del llibre<\/p>\n\n\n\n<p>Dr. Manuel Lladonosa, autor del pr\u00f2leg<\/p>\n","protected":false},"excerpt":{"rendered":"<p>Publicat al web d&#8217;OMNIUM CULTURAL Aquesta presentaci\u00f3 tindr\u00e0 lloc el&nbsp;dimarts, 6 de setembre, a 2\/4 de 8 del vespre a&hellip;<\/p>\n","protected":false},"author":1,"featured_media":0,"comment_status":"closed","ping_status":"closed","sticky":false,"template":"","format":"standard","meta":{"ngg_post_thumbnail":0,"footnotes":""},"categories":[4],"tags":[],"_links":{"self":[{"href":"https:\/\/xn--confrariamarededudemontserratlleida-qdd.cat\/index.php\/wp-json\/wp\/v2\/posts\/714"}],"collection":[{"href":"https:\/\/xn--confrariamarededudemontserratlleida-qdd.cat\/index.php\/wp-json\/wp\/v2\/posts"}],"about":[{"href":"https:\/\/xn--confrariamarededudemontserratlleida-qdd.cat\/index.php\/wp-json\/wp\/v2\/types\/post"}],"author":[{"embeddable":true,"href":"https:\/\/xn--confrariamarededudemontserratlleida-qdd.cat\/index.php\/wp-json\/wp\/v2\/users\/1"}],"replies":[{"embeddable":true,"href":"https:\/\/xn--confrariamarededudemontserratlleida-qdd.cat\/index.php\/wp-json\/wp\/v2\/comments?post=714"}],"version-history":[{"count":1,"href":"https:\/\/xn--confrariamarededudemontserratlleida-qdd.cat\/index.php\/wp-json\/wp\/v2\/posts\/714\/revisions"}],"predecessor-version":[{"id":715,"href":"https:\/\/xn--confrariamarededudemontserratlleida-qdd.cat\/index.php\/wp-json\/wp\/v2\/posts\/714\/revisions\/715"}],"wp:attachment":[{"href":"https:\/\/xn--confrariamarededudemontserratlleida-qdd.cat\/index.php\/wp-json\/wp\/v2\/media?parent=714"}],"wp:term":[{"taxonomy":"category","embeddable":true,"href":"https:\/\/xn--confrariamarededudemontserratlleida-qdd.cat\/index.php\/wp-json\/wp\/v2\/categories?post=714"},{"taxonomy":"post_tag","embeddable":true,"href":"https:\/\/xn--confrariamarededudemontserratlleida-qdd.cat\/index.php\/wp-json\/wp\/v2\/tags?post=714"}],"curies":[{"name":"wp","href":"https:\/\/api.w.org\/{rel}","templated":true}]}}