{"id":687,"date":"2023-10-24T12:35:00","date_gmt":"2023-10-24T10:35:00","guid":{"rendered":"https:\/\/xn--confrariamarededudemontserratlleida-qdd.cat\/?p=687"},"modified":"2024-05-26T15:00:20","modified_gmt":"2024-05-26T13:00:20","slug":"confraria-mare-de-deu-de-montserrat-lleida","status":"publish","type":"post","link":"https:\/\/xn--confrariamarededudemontserratlleida-qdd.cat\/index.php\/2023\/10\/24\/confraria-mare-de-deu-de-montserrat-lleida\/","title":{"rendered":"2023 : Jornada de Franciscanisme i 800 anys de pres\u00e8ncia del Pessebre"},"content":{"rendered":"<div class=\"wp-block-image\">\r\n<figure class=\"aligncenter size-full is-resized\"><img loading=\"lazy\" decoding=\"async\" width=\"768\" height=\"439\" class=\"wp-image-688\" style=\"aspect-ratio: 1.7494305239179955; width: 446px; height: auto;\" src=\"https:\/\/xn--confrariamarededudemontserratlleida-qdd.cat\/wp-content\/uploads\/2023\/10\/800-anus-pessebre.jpg\" alt=\"\" srcset=\"https:\/\/xn--confrariamarededudemontserratlleida-qdd.cat\/wp-content\/uploads\/2023\/10\/800-anus-pessebre.jpg 768w, https:\/\/xn--confrariamarededudemontserratlleida-qdd.cat\/wp-content\/uploads\/2023\/10\/800-anus-pessebre-300x171.jpg 300w\" sizes=\"(max-width: 768px) 100vw, 768px\" \/><\/figure><\/div>\r\n\r\n\r\n<p><span style=\"vertical-align: inherit;\"><span style=\"vertical-align: inherit;\">Publicat al web del <\/span><\/span><a href=\"https:\/\/www.tarraconense.cat\/lleida\/\" data-type=\"link\" data-id=\"https:\/\/www.tarraconense.cat\/lleida\/\"><span style=\"vertical-align: inherit;\"><span style=\"vertical-align: inherit;\">Bisbat de Tarragona<\/span><\/span><\/a><span style=\"vertical-align: inherit;\"><span style=\"vertical-align: inherit;\"> el 24 d&#8217;octubre del 2023<\/span><\/span><\/p>\r\n\r\n\r\n\r\n<p><span style=\"vertical-align: inherit;\"><span style=\"vertical-align: inherit;\">L&#8217;Acad\u00e8mia Mariana de Lleida va acollir els passats 2o i 21 d&#8217;octubre la celebraci\u00f3 d&#8217;una Jornada de Franciscanisme, organitzada pels terciaris franciscans. Les sessions van iniciar divendres amb la pon\u00e8ncia de Juli\u00e1n Fern\u00e1ndez Rebollo, professor de secund\u00e0ria i membre de la junta de l&#8217;Agrupaci\u00f3 Ilerdenca de Pessebristes, que va parlar sobre \u201cReligiositat popular: Una oportunitat d&#8217;Evangelitzaci\u00f3\u201d. A la jornada de cloenda del dissabte fou el P. Joaquim Recasens, darrer guardi\u00e0 del convent dels franciscans de Lleida, qui va parlar sobre&nbsp; <\/span><\/span><em><span style=\"vertical-align: inherit;\"><span style=\"vertical-align: inherit;\">\u201cGreccio i la realitat de l&#8217;Encarnaci\u00f3\u201d<\/span><\/span><\/em><\/p>\r\n\r\n\r\n\r\n<p><span style=\"vertical-align: inherit;\"><span style=\"vertical-align: inherit;\">A la segona sessi\u00f3 de les jornades tamb\u00e9 hi va intervenir el president de l&#8217;Agrupaci\u00f3 Ilerdenca de Pessebristes, Jordi Curc\u00f3, dedicant la seva xerrada als 800 anys de pres\u00e8ncia del Pessebre, rememorant els 8 segles de la primera representaci\u00f3 del naixement feta per sant Francesc. a la cova de Grecco, la nit de Nadal de 1223, \u201cque ha marcat la hist\u00f2ria del pessebre i del pessebrisme, quan Francesc, fortament impressionat pel misteri de l&#8217;Encarnaci\u00f3 o de la humanitzaci\u00f3 de D\u00e9u \u2013sobretot a partir del pelegrinatge que el 1220 realitz\u00e0 a Terra Santa- volgu\u00e9 donar vida i expressi\u00f3 al fet hist\u00f2ric de tanta transcend\u00e8ncia, com ho \u00e9s la Nativitat de Crist\u201d.<\/span><\/span><\/p>\r\n\r\n\r\n\r\n<p><span style=\"vertical-align: inherit;\"><span style=\"vertical-align: inherit;\">El president dels Pessebristes, va dir que la intenci\u00f3 de sant Francesc amb \u201caquell invent nadalenc\u201d, fou recrear el clima espiritual de la nit de Nadal, reviure m\u00e9s profundament el missatge i la significaci\u00f3 espiritual del misteri nadalenc i fer m\u00e9s entenedor per al poble el misteri de l&#8217;Encarnaci\u00f3 de D\u00e9u <\/span><\/span><em><span style=\"vertical-align: inherit;\"><span style=\"vertical-align: inherit;\">.<\/span><\/span><\/em><\/p>\r\n\r\n\r\n\r\n<p><span style=\"vertical-align: inherit;\"><span style=\"vertical-align: inherit;\">D&#8217;aquest primer pessebre vivent, que li ha valgut a sant Francesc d&#8217;Ass\u00eds ser el patr\u00f3 dels pessebres i dels pessebristes d&#8217;arreu del m\u00f3n, en nasqu\u00e9 posteriorment l&#8217;art pessebr\u00edstic ideat per promoure la devoci\u00f3 popular des d&#8217;una interpretaci\u00f3 pl\u00e0stica. del misteri del naixement de Jes\u00fas que, a trav\u00e9s del pessebre casol\u00e0, s&#8217;inser\u00ed en la vida familiar i quotidiana.<\/span><\/span><\/p>\r\n","protected":false},"excerpt":{"rendered":"<p>Publicat al web del Bisbat de Tarragona el 24 d&#8217;octubre del 2023 L&#8217;Acad\u00e8mia Mariana de Lleida va acollir els passats&hellip;<\/p>\n","protected":false},"author":1,"featured_media":0,"comment_status":"closed","ping_status":"closed","sticky":false,"template":"","format":"standard","meta":{"ngg_post_thumbnail":0,"footnotes":""},"categories":[4],"tags":[],"_links":{"self":[{"href":"https:\/\/xn--confrariamarededudemontserratlleida-qdd.cat\/index.php\/wp-json\/wp\/v2\/posts\/687"}],"collection":[{"href":"https:\/\/xn--confrariamarededudemontserratlleida-qdd.cat\/index.php\/wp-json\/wp\/v2\/posts"}],"about":[{"href":"https:\/\/xn--confrariamarededudemontserratlleida-qdd.cat\/index.php\/wp-json\/wp\/v2\/types\/post"}],"author":[{"embeddable":true,"href":"https:\/\/xn--confrariamarededudemontserratlleida-qdd.cat\/index.php\/wp-json\/wp\/v2\/users\/1"}],"replies":[{"embeddable":true,"href":"https:\/\/xn--confrariamarededudemontserratlleida-qdd.cat\/index.php\/wp-json\/wp\/v2\/comments?post=687"}],"version-history":[{"count":4,"href":"https:\/\/xn--confrariamarededudemontserratlleida-qdd.cat\/index.php\/wp-json\/wp\/v2\/posts\/687\/revisions"}],"predecessor-version":[{"id":1126,"href":"https:\/\/xn--confrariamarededudemontserratlleida-qdd.cat\/index.php\/wp-json\/wp\/v2\/posts\/687\/revisions\/1126"}],"wp:attachment":[{"href":"https:\/\/xn--confrariamarededudemontserratlleida-qdd.cat\/index.php\/wp-json\/wp\/v2\/media?parent=687"}],"wp:term":[{"taxonomy":"category","embeddable":true,"href":"https:\/\/xn--confrariamarededudemontserratlleida-qdd.cat\/index.php\/wp-json\/wp\/v2\/categories?post=687"},{"taxonomy":"post_tag","embeddable":true,"href":"https:\/\/xn--confrariamarededudemontserratlleida-qdd.cat\/index.php\/wp-json\/wp\/v2\/tags?post=687"}],"curies":[{"name":"wp","href":"https:\/\/api.w.org\/{rel}","templated":true}]}}