{"id":29,"date":"2023-01-25T18:27:00","date_gmt":"2023-01-25T16:27:00","guid":{"rendered":"https:\/\/xn--confrariamarededudemontserratlleida-qdd.cat\/?p=29"},"modified":"2024-05-26T14:59:35","modified_gmt":"2024-05-26T12:59:35","slug":"confraria-mare-de-deu-de-montserrat-lleida-6","status":"publish","type":"post","link":"https:\/\/xn--confrariamarededudemontserratlleida-qdd.cat\/index.php\/2023\/01\/25\/confraria-mare-de-deu-de-montserrat-lleida-6\/","title":{"rendered":"2023 : Pelegrinatge a Roma"},"content":{"rendered":"<div class=\"wp-block-image\">\n<figure class=\"aligncenter size-full is-resized\"><img loading=\"lazy\" decoding=\"async\" width=\"505\" height=\"480\" src=\"https:\/\/xn--confrariamarededudemontserratlleida-qdd.cat\/wp-content\/uploads\/2023\/10\/roma.jpg\" alt=\"\" class=\"wp-image-680\" style=\"aspect-ratio:1.0520833333333333;width:219px;height:auto\" srcset=\"https:\/\/xn--confrariamarededudemontserratlleida-qdd.cat\/wp-content\/uploads\/2023\/10\/roma.jpg 505w, https:\/\/xn--confrariamarededudemontserratlleida-qdd.cat\/wp-content\/uploads\/2023\/10\/roma-300x285.jpg 300w\" sizes=\"(max-width: 505px) 100vw, 505px\" \/><\/figure><\/div>\n\n\n<p>Del 6 al 9 d&#8217;octubre l&#8217;Abadia de Montserrat organitza un pelegriatge a Roma amb motiu dels 800 anys de la Confraria de la Mare de D\u00e9u de Montserrat. Properament us ampliarem la informaci\u00f3 ja que est\u00e0 previst que aviat es puguin comen\u00e7ar a fer les inscripcions i des de Montserrat ens demanen que ho fem el m\u00e9s aviat possible per poder tenir pla\u00e7a. Hi haur\u00e0 una doble modalitat: viatge lliure o viatge organitzat.<\/p>\n","protected":false},"excerpt":{"rendered":"<p>Del 6 al 9 d&#8217;octubre l&#8217;Abadia de Montserrat organitza un pelegriatge a Roma amb motiu dels 800 anys de la&hellip;<\/p>\n","protected":false},"author":1,"featured_media":0,"comment_status":"closed","ping_status":"closed","sticky":false,"template":"","format":"standard","meta":{"ngg_post_thumbnail":0,"footnotes":""},"categories":[4],"tags":[],"_links":{"self":[{"href":"https:\/\/xn--confrariamarededudemontserratlleida-qdd.cat\/index.php\/wp-json\/wp\/v2\/posts\/29"}],"collection":[{"href":"https:\/\/xn--confrariamarededudemontserratlleida-qdd.cat\/index.php\/wp-json\/wp\/v2\/posts"}],"about":[{"href":"https:\/\/xn--confrariamarededudemontserratlleida-qdd.cat\/index.php\/wp-json\/wp\/v2\/types\/post"}],"author":[{"embeddable":true,"href":"https:\/\/xn--confrariamarededudemontserratlleida-qdd.cat\/index.php\/wp-json\/wp\/v2\/users\/1"}],"replies":[{"embeddable":true,"href":"https:\/\/xn--confrariamarededudemontserratlleida-qdd.cat\/index.php\/wp-json\/wp\/v2\/comments?post=29"}],"version-history":[{"count":4,"href":"https:\/\/xn--confrariamarededudemontserratlleida-qdd.cat\/index.php\/wp-json\/wp\/v2\/posts\/29\/revisions"}],"predecessor-version":[{"id":1122,"href":"https:\/\/xn--confrariamarededudemontserratlleida-qdd.cat\/index.php\/wp-json\/wp\/v2\/posts\/29\/revisions\/1122"}],"wp:attachment":[{"href":"https:\/\/xn--confrariamarededudemontserratlleida-qdd.cat\/index.php\/wp-json\/wp\/v2\/media?parent=29"}],"wp:term":[{"taxonomy":"category","embeddable":true,"href":"https:\/\/xn--confrariamarededudemontserratlleida-qdd.cat\/index.php\/wp-json\/wp\/v2\/categories?post=29"},{"taxonomy":"post_tag","embeddable":true,"href":"https:\/\/xn--confrariamarededudemontserratlleida-qdd.cat\/index.php\/wp-json\/wp\/v2\/tags?post=29"}],"curies":[{"name":"wp","href":"https:\/\/api.w.org\/{rel}","templated":true}]}}