{"id":24,"date":"2023-03-25T18:10:40","date_gmt":"2023-03-25T16:10:40","guid":{"rendered":"https:\/\/xn--confrariamarededudemontserratlleida-qdd.cat\/?p=24"},"modified":"2024-05-26T14:59:46","modified_gmt":"2024-05-26T12:59:46","slug":"confraria-mare-de-deu-de-montserrat-lleida-5","status":"publish","type":"post","link":"https:\/\/xn--confrariamarededudemontserratlleida-qdd.cat\/index.php\/2023\/03\/25\/confraria-mare-de-deu-de-montserrat-lleida-5\/","title":{"rendered":"2023 : Assemblea anual de confrares"},"content":{"rendered":"\n<p>La Casa de l&#8217;Esgl\u00e9sia ha acollit avui l&#8217;assemblea anual de confrares presidida pel bisbe Salvador i que ha comptat amb l&#8217;assist\u00e8ncia d&#8217;unes quaranta persones. S&#8217;ha renovat la junta amb la incorporaci\u00f3 de nous membres i s&#8217;ha destacat el pelegrinatge a Roma del 6 al 9 d&#8217;octubre i que es vol comen\u00e7ar la restauraci\u00f3 de l&#8217;altar de la Mare de D\u00e9u de Montserrat de la Catedral.<\/p>\n\n\n\n<figure class=\"wp-block-image size-large\"><img loading=\"lazy\" decoding=\"async\" width=\"1024\" height=\"576\" src=\"https:\/\/xn--confrariamarededudemontserratlleida-qdd.cat\/wp-content\/uploads\/2023\/03\/assemblea2023-1-1024x576.jpg\" alt=\"\" class=\"wp-image-674\" srcset=\"https:\/\/xn--confrariamarededudemontserratlleida-qdd.cat\/wp-content\/uploads\/2023\/03\/assemblea2023-1-1024x576.jpg 1024w, https:\/\/xn--confrariamarededudemontserratlleida-qdd.cat\/wp-content\/uploads\/2023\/03\/assemblea2023-1-300x169.jpg 300w, https:\/\/xn--confrariamarededudemontserratlleida-qdd.cat\/wp-content\/uploads\/2023\/03\/assemblea2023-1-768x432.jpg 768w, https:\/\/xn--confrariamarededudemontserratlleida-qdd.cat\/wp-content\/uploads\/2023\/03\/assemblea2023-1-1536x864.jpg 1536w, https:\/\/xn--confrariamarededudemontserratlleida-qdd.cat\/wp-content\/uploads\/2023\/03\/assemblea2023-1.jpg 1599w\" sizes=\"(max-width: 1024px) 100vw, 1024px\" \/><\/figure>\n\n\n\n<figure class=\"wp-block-image size-large\"><img loading=\"lazy\" decoding=\"async\" width=\"1024\" height=\"598\" src=\"https:\/\/xn--confrariamarededudemontserratlleida-qdd.cat\/wp-content\/uploads\/2023\/03\/assemblea-2023-2-1024x598.jpg\" alt=\"\" class=\"wp-image-673\" srcset=\"https:\/\/xn--confrariamarededudemontserratlleida-qdd.cat\/wp-content\/uploads\/2023\/03\/assemblea-2023-2-1024x598.jpg 1024w, https:\/\/xn--confrariamarededudemontserratlleida-qdd.cat\/wp-content\/uploads\/2023\/03\/assemblea-2023-2-300x175.jpg 300w, https:\/\/xn--confrariamarededudemontserratlleida-qdd.cat\/wp-content\/uploads\/2023\/03\/assemblea-2023-2-768x448.jpg 768w, https:\/\/xn--confrariamarededudemontserratlleida-qdd.cat\/wp-content\/uploads\/2023\/03\/assemblea-2023-2-1536x897.jpg 1536w, https:\/\/xn--confrariamarededudemontserratlleida-qdd.cat\/wp-content\/uploads\/2023\/03\/assemblea-2023-2.jpg 1600w\" sizes=\"(max-width: 1024px) 100vw, 1024px\" \/><\/figure>\n","protected":false},"excerpt":{"rendered":"<p>La Casa de l&#8217;Esgl\u00e9sia ha acollit avui l&#8217;assemblea anual de confrares presidida pel bisbe Salvador i que ha comptat amb&hellip;<\/p>\n","protected":false},"author":1,"featured_media":0,"comment_status":"closed","ping_status":"closed","sticky":false,"template":"","format":"standard","meta":{"ngg_post_thumbnail":0,"footnotes":""},"categories":[4],"tags":[],"_links":{"self":[{"href":"https:\/\/xn--confrariamarededudemontserratlleida-qdd.cat\/index.php\/wp-json\/wp\/v2\/posts\/24"}],"collection":[{"href":"https:\/\/xn--confrariamarededudemontserratlleida-qdd.cat\/index.php\/wp-json\/wp\/v2\/posts"}],"about":[{"href":"https:\/\/xn--confrariamarededudemontserratlleida-qdd.cat\/index.php\/wp-json\/wp\/v2\/types\/post"}],"author":[{"embeddable":true,"href":"https:\/\/xn--confrariamarededudemontserratlleida-qdd.cat\/index.php\/wp-json\/wp\/v2\/users\/1"}],"replies":[{"embeddable":true,"href":"https:\/\/xn--confrariamarededudemontserratlleida-qdd.cat\/index.php\/wp-json\/wp\/v2\/comments?post=24"}],"version-history":[{"count":4,"href":"https:\/\/xn--confrariamarededudemontserratlleida-qdd.cat\/index.php\/wp-json\/wp\/v2\/posts\/24\/revisions"}],"predecessor-version":[{"id":1123,"href":"https:\/\/xn--confrariamarededudemontserratlleida-qdd.cat\/index.php\/wp-json\/wp\/v2\/posts\/24\/revisions\/1123"}],"wp:attachment":[{"href":"https:\/\/xn--confrariamarededudemontserratlleida-qdd.cat\/index.php\/wp-json\/wp\/v2\/media?parent=24"}],"wp:term":[{"taxonomy":"category","embeddable":true,"href":"https:\/\/xn--confrariamarededudemontserratlleida-qdd.cat\/index.php\/wp-json\/wp\/v2\/categories?post=24"},{"taxonomy":"post_tag","embeddable":true,"href":"https:\/\/xn--confrariamarededudemontserratlleida-qdd.cat\/index.php\/wp-json\/wp\/v2\/tags?post=24"}],"curies":[{"name":"wp","href":"https:\/\/api.w.org\/{rel}","templated":true}]}}