{"id":1807,"date":"2026-04-28T20:16:44","date_gmt":"2026-04-28T18:16:44","guid":{"rendered":"https:\/\/xn--confrariamarededudemontserratlleida-qdd.cat\/?p=1807"},"modified":"2026-04-28T20:34:22","modified_gmt":"2026-04-28T18:34:22","slug":"2026-04-27-multitudinaria-ofrena-de-flors-a-la-moreneta-a-la-catedral-de-lleida","status":"publish","type":"post","link":"https:\/\/xn--confrariamarededudemontserratlleida-qdd.cat\/index.php\/2026\/04\/28\/2026-04-27-multitudinaria-ofrena-de-flors-a-la-moreneta-a-la-catedral-de-lleida\/","title":{"rendered":"2026-04-27 &#8211; MULTITUDINARIA OFRENA DE FLORS A LA MORENETA A LA CATEDRAL DE LLEIDA"},"content":{"rendered":"<table style=\"height: 28px;\" width=\"978\">\n<tbody>\n<tr>\n<td><div style=\"width: 640px;\" class=\"wp-video\"><!--[if lt IE 9]><script>document.createElement('video');<\/script><![endif]-->\n<video class=\"wp-video-shortcode\" id=\"video-1807-1\" width=\"640\" height=\"360\" preload=\"metadata\" controls=\"controls\"><source type=\"video\/mp4\" src=\"https:\/\/xn--confrariamarededudemontserratlleida-qdd.cat\/wp-content\/uploads\/2026\/04\/VID_20260427_200754.mp4?_=1\" \/><a href=\"https:\/\/xn--confrariamarededudemontserratlleida-qdd.cat\/wp-content\/uploads\/2026\/04\/VID_20260427_200754.mp4\">https:\/\/xn--confrariamarededudemontserratlleida-qdd.cat\/wp-content\/uploads\/2026\/04\/VID_20260427_200754.mp4<\/a><\/video><\/div><\/td>\n<td><div style=\"width: 640px;\" class=\"wp-video\"><video class=\"wp-video-shortcode\" id=\"video-1807-2\" width=\"640\" height=\"360\" preload=\"metadata\" controls=\"controls\"><source type=\"video\/mp4\" src=\"https:\/\/xn--confrariamarededudemontserratlleida-qdd.cat\/wp-content\/uploads\/2026\/04\/VID_20260427_201213.mp4?_=2\" \/><a href=\"https:\/\/xn--confrariamarededudemontserratlleida-qdd.cat\/wp-content\/uploads\/2026\/04\/VID_20260427_201213.mp4\">https:\/\/xn--confrariamarededudemontserratlleida-qdd.cat\/wp-content\/uploads\/2026\/04\/VID_20260427_201213.mp4<\/a><\/video><\/div><\/td>\n<\/tr>\n<\/tbody>\n<\/table>\n<p><strong><span dir=\"auto\" style=\"vertical-align: inherit;\"><span dir=\"auto\" style=\"vertical-align: inherit;\"><span dir=\"auto\" style=\"vertical-align: inherit;\"><span dir=\"auto\" style=\"vertical-align: inherit;\"><span dir=\"auto\" style=\"vertical-align: inherit;\"><span dir=\"auto\" style=\"vertical-align: inherit;\"><span dir=\"auto\" style=\"vertical-align: inherit;\"><span dir=\"auto\" style=\"vertical-align: inherit;\"><span dir=\"auto\" style=\"vertical-align: inherit;\"><span dir=\"auto\" style=\"vertical-align: inherit;\">Jordi Curc\u00f3<\/span><\/span><\/span><\/span><\/span><\/span><\/span><\/span><\/span><\/span><\/strong><\/p>\n<p style=\"text-align: justify;\"><span style=\"font-size: 14pt;\"><span dir=\"auto\" style=\"vertical-align: inherit;\"><span dir=\"auto\" style=\"vertical-align: inherit;\"><span dir=\"auto\" style=\"vertical-align: inherit;\"><span dir=\"auto\" style=\"vertical-align: inherit;\"><span dir=\"auto\" style=\"vertical-align: inherit;\"><span dir=\"auto\" style=\"vertical-align: inherit;\"><span dir=\"auto\" style=\"vertical-align: inherit;\"><span dir=\"auto\" style=\"vertical-align: inherit;\"><span dir=\"auto\" style=\"vertical-align: inherit;\"><span dir=\"auto\" style=\"vertical-align: inherit;\">De multitudin\u00e0ria pot qualificar-se l&#8217;ofrena de flors i ciris que tingu\u00e9 lloc ahir, festa de la Mare de D\u00e9u de Montserrat Patrona de Catalunya. Fou protagonitzada per centenars de lleidatans que va seguir una tradici\u00f3 arrelada, van anar a venerar-la al seu altar de la Catedral de Lleida, que va romandre oberta de 9 del mat\u00ed a les 9 del vespre sense interrupci\u00f3.<\/span><\/span><\/span><\/span><\/span><\/span><\/span><\/span><\/span><\/span><\/span><\/p>\n<p style=\"text-align: justify;\"><span style=\"font-size: 14pt;\"><span dir=\"auto\" style=\"vertical-align: inherit;\"><span dir=\"auto\" style=\"vertical-align: inherit;\"><span dir=\"auto\" style=\"vertical-align: inherit;\"><span dir=\"auto\" style=\"vertical-align: inherit;\"><span dir=\"auto\" style=\"vertical-align: inherit;\"><span dir=\"auto\" style=\"vertical-align: inherit;\"><span dir=\"auto\" style=\"vertical-align: inherit;\"><span dir=\"auto\" style=\"vertical-align: inherit;\"><span dir=\"auto\" style=\"vertical-align: inherit;\"><span dir=\"auto\" style=\"vertical-align: inherit;\">Els actes en honor de la Patrona van iniciar-se de bon mat\u00ed amb la celebraci\u00f3 de la primera Missa, oficiada a l&#8217;altar de la Confraria, presidida pel consiliari Mn. Josep M. Escorihuela. Ja en aquesta celebraci\u00f3, en record tamb\u00e9 dels confrares traspassats en aquest any, l&#8217;aflu\u00e8ncia de fidels va ser extraordin\u00e0riament nodrida. A les 11 del mat\u00ed s&#8217;ofici\u00e0 tamb\u00e9 una altra Eucaristia a l&#8217;altar major de la catedral, per cloure amb el cant del Virolai ia les 12 es cant\u00e0 el Regina Coeli, tradicional cant mari\u00e0 de salutaci\u00f3 a la Mare de D\u00e9u en temps de Pasqua.<\/span><\/span><\/span><\/span><\/span><\/span><\/span><\/span><\/span><\/span><\/span><\/p>\n<p style=\"text-align: justify;\"><span style=\"font-size: 14pt;\"><span dir=\"auto\" style=\"vertical-align: inherit;\"><span dir=\"auto\" style=\"vertical-align: inherit;\"><span dir=\"auto\" style=\"vertical-align: inherit;\"><span dir=\"auto\" style=\"vertical-align: inherit;\"><span dir=\"auto\" style=\"vertical-align: inherit;\"><span dir=\"auto\" style=\"vertical-align: inherit;\"><span dir=\"auto\" style=\"vertical-align: inherit;\"><span dir=\"auto\" style=\"vertical-align: inherit;\"><span dir=\"auto\" style=\"vertical-align: inherit;\"><span dir=\"auto\" style=\"vertical-align: inherit;\">Durant tot el mat\u00ed i tamb\u00e9 a la tarda sense aturada, segu\u00ed l&#8217;ofrena de flors de fidels i devots de la Moreneta. Entre aquests foren veritable protagonistes del mat\u00ed dos grups d&#8217;alumnes del col\u00b7legi Santa Anna de Lleida, que en una filera de festa infantil deixaren les seves flors al peus de la Moreneta. Tot seguit els escolars enfilaren les escales del cambril per donar un pet\u00f3 a la imatge de la Patrona. Aix\u00ed mateix diverses entitats, com la Penya del Bar\u00e7a varen fer la seva ofrenar floral.<\/span><\/span><\/span><\/span><\/span><\/span><\/span><\/span><\/span><\/span><\/span><\/p>\n<p style=\"text-align: justify;\"><span style=\"font-size: 14pt;\"><span dir=\"auto\" style=\"vertical-align: inherit;\"><span dir=\"auto\" style=\"vertical-align: inherit;\"><span dir=\"auto\" style=\"vertical-align: inherit;\"><span dir=\"auto\" style=\"vertical-align: inherit;\"><span dir=\"auto\" style=\"vertical-align: inherit;\"><span dir=\"auto\" style=\"vertical-align: inherit;\"><span dir=\"auto\" style=\"vertical-align: inherit;\"><span dir=\"auto\" style=\"vertical-align: inherit;\"><span dir=\"auto\" style=\"vertical-align: inherit;\"><span dir=\"auto\" style=\"vertical-align: inherit;\">La festa de la Patrona va concloure a les 7 de la tarda, amb la celebraci\u00f3 de l&#8217;Eucaristia solemne, presidida per primera vegada pel bisbe Daniel Palau, concelebrada pel consiliari de la confraria de Montserrat, Mn. Josep M. Escorihuela; el rector de la unitat parroquial del Carme i Sant Joan, Mn. Xavier Navarro; el rector de Sant Mart\u00ed i deg\u00e0 del cap\u00edtol Catedral, Mn. Francisco Ribas i Mn. \u00c0ngel Escales i solemnitzada pel Petit Cor de la Catedral. &nbsp;<\/span><\/span><\/span><\/span><\/span><\/span><\/span><\/span><\/span><\/span><\/span><\/p>\n<p style=\"text-align: justify;\"><span style=\"font-size: 14pt;\"><span dir=\"auto\" style=\"vertical-align: inherit;\"><span dir=\"auto\" style=\"vertical-align: inherit;\"><span dir=\"auto\" style=\"vertical-align: inherit;\"><span dir=\"auto\" style=\"vertical-align: inherit;\"><span dir=\"auto\" style=\"vertical-align: inherit;\"><span dir=\"auto\" style=\"vertical-align: inherit;\"><span dir=\"auto\" style=\"vertical-align: inherit;\"><span dir=\"auto\" style=\"vertical-align: inherit;\"><span dir=\"auto\" style=\"vertical-align: inherit;\"><span dir=\"auto\" style=\"vertical-align: inherit;\">En la seva homilia el bisbe Daniel, record\u00e0 com a tradici\u00f3 personal el pujar peu a Montserrat, a l&#8217;inici de curs: <\/span><\/span><\/span><\/span><\/span><\/span><\/span><\/span><\/span><\/span><em><span dir=\"auto\" style=\"vertical-align: inherit;\"><span dir=\"auto\" style=\"vertical-align: inherit;\"><span dir=\"auto\" style=\"vertical-align: inherit;\"><span dir=\"auto\" style=\"vertical-align: inherit;\"><span dir=\"auto\" style=\"vertical-align: inherit;\"><span dir=\"auto\" style=\"vertical-align: inherit;\"><span dir=\"auto\" style=\"vertical-align: inherit;\"><span dir=\"auto\" style=\"vertical-align: inherit;\"><span dir=\"auto\" style=\"vertical-align: inherit;\"><span dir=\"auto\" style=\"vertical-align: inherit;\">\u201c&#8230;a visitar la Mare de D\u00e9u i posar als seus peus tots els projectes i esperances. No deixeu mai d&#8217;apropar-vos a Maria&#8230;\u201d,<\/span><\/span><\/span><\/span><\/span><\/span><\/span><\/span><\/span><\/span><\/em><span dir=\"auto\" style=\"vertical-align: inherit;\"><span dir=\"auto\" style=\"vertical-align: inherit;\"><span dir=\"auto\" style=\"vertical-align: inherit;\"><span dir=\"auto\" style=\"vertical-align: inherit;\"><span dir=\"auto\" style=\"vertical-align: inherit;\"><span dir=\"auto\" style=\"vertical-align: inherit;\"><span dir=\"auto\" style=\"vertical-align: inherit;\"><span dir=\"auto\" style=\"vertical-align: inherit;\"><span dir=\"auto\" style=\"vertical-align: inherit;\"><span dir=\"auto\" style=\"vertical-align: inherit;\"> digu\u00e9 als fidels.<\/span><\/span><\/span><\/span><\/span><\/span><\/span><\/span><\/span><\/span><\/span><\/p>\n<p style=\"text-align: justify;\"><span style=\"font-size: 14pt;\"><span dir=\"auto\" style=\"vertical-align: inherit;\"><span dir=\"auto\" style=\"vertical-align: inherit;\"><span dir=\"auto\" style=\"vertical-align: inherit;\"><span dir=\"auto\" style=\"vertical-align: inherit;\"><span dir=\"auto\" style=\"vertical-align: inherit;\"><span dir=\"auto\" style=\"vertical-align: inherit;\"><span dir=\"auto\" style=\"vertical-align: inherit;\"><span dir=\"auto\" style=\"vertical-align: inherit;\"><span dir=\"auto\" style=\"vertical-align: inherit;\"><span dir=\"auto\" style=\"vertical-align: inherit;\">Finalitzada la celebraci\u00f3 el bisbe Daniel i concelebrants van dirigir-se fins l&#8217;altar de la Patrona per tal de cantar-hi la Salve i el Virola, per tot seguit pujar a venerar \u2013la al seu cambril.<\/span><\/span><\/span><\/span><\/span><\/span><\/span><\/span><\/span><\/span><\/span><\/p>\n<p style=\"text-align: justify;\"><span style=\"font-size: 14pt;\"><span dir=\"auto\" style=\"vertical-align: inherit;\"><span dir=\"auto\" style=\"vertical-align: inherit;\"><span dir=\"auto\" style=\"vertical-align: inherit;\"><span dir=\"auto\" style=\"vertical-align: inherit;\"><span dir=\"auto\" style=\"vertical-align: inherit;\"><span dir=\"auto\" style=\"vertical-align: inherit;\"><span dir=\"auto\" style=\"vertical-align: inherit;\"><span dir=\"auto\" style=\"vertical-align: inherit;\"><span dir=\"auto\" style=\"vertical-align: inherit;\"><span dir=\"auto\" style=\"vertical-align: inherit;\">La Confraria de la Mare de D\u00e9u de Montserrat, edici\u00f3 i distribu\u00ed entre els fidels i devots, un total de 3.000 punts de llibre en record de la festa. Aix\u00ed mateix foren lliurats a tothom que puj\u00e0 al cambril de la Moreneta una branqueta de boix bene\u00eft, s\u00edmbol montserrat\u00ed per excel\u00b7l\u00e8ncia.<\/span><\/span><\/span><\/span><\/span><\/span><\/span><\/span><\/span><\/span><\/span><\/p>\n<p><strong><span dir=\"auto\" style=\"vertical-align: inherit;\"><span dir=\"auto\" style=\"vertical-align: inherit;\"><span dir=\"auto\" style=\"vertical-align: inherit;\"><span dir=\"auto\" style=\"vertical-align: inherit;\"><span dir=\"auto\" style=\"vertical-align: inherit;\"><span dir=\"auto\" style=\"vertical-align: inherit;\"><span dir=\"auto\" style=\"vertical-align: inherit;\"><span dir=\"auto\" style=\"vertical-align: inherit;\"><span dir=\"auto\" style=\"vertical-align: inherit;\"><span dir=\"auto\" style=\"vertical-align: inherit;\">Fotografies: Jordi Curc\u00f3<\/span><\/span><\/span><\/span><\/span><\/span><\/span><\/span><\/span><\/span><\/strong><\/p>\n<p>ngg_shortcode_0_placeholder<strong><span dir=\"auto\" style=\"vertical-align: inherit;\"><span dir=\"auto\" style=\"vertical-align: inherit;\"><span dir=\"auto\" style=\"vertical-align: inherit;\"><span dir=\"auto\" style=\"vertical-align: inherit;\"><span dir=\"auto\" style=\"vertical-align: inherit;\"><span dir=\"auto\" style=\"vertical-align: inherit;\"><span dir=\"auto\" style=\"vertical-align: inherit;\"><span dir=\"auto\" style=\"vertical-align: inherit;\"><span dir=\"auto\" style=\"vertical-align: inherit;\"><span dir=\"auto\" style=\"vertical-align: inherit;\">Fotografies : Josep M. Curri\u00e0<\/span><\/span><\/span><\/span><\/span><\/span><\/span><\/span><\/span><\/span><\/strong><\/p>\n<p>ngg_shortcode_1_placeholder<strong><span dir=\"auto\" style=\"vertical-align: inherit;\"><span dir=\"auto\" style=\"vertical-align: inherit;\"><span dir=\"auto\" style=\"vertical-align: inherit;\"><span dir=\"auto\" style=\"vertical-align: inherit;\"><span dir=\"auto\" style=\"vertical-align: inherit;\"><span dir=\"auto\" style=\"vertical-align: inherit;\"><span dir=\"auto\" style=\"vertical-align: inherit;\"><span dir=\"auto\" style=\"vertical-align: inherit;\"><span dir=\"auto\" style=\"vertical-align: inherit;\"><span dir=\"auto\" style=\"vertical-align: inherit;\">Fotografies : Joan Pere Fabregat<\/span><\/span><\/span><\/span><\/span><\/span><\/span><\/span><\/span><\/span><\/strong><\/p>\nngg_shortcode_2_placeholder\n","protected":false},"excerpt":{"rendered":"<p>Jordi Curc\u00f3 De multitudin\u00e0ria pot qualificar-se l&#8217;ofrena de flors i ciris que tingu\u00e9 lloc ahir, festa de la Mare de&hellip;<\/p>\n","protected":false},"author":1,"featured_media":1633,"comment_status":"open","ping_status":"open","sticky":false,"template":"","format":"standard","meta":{"ngg_post_thumbnail":0,"footnotes":""},"categories":[4],"tags":[],"_links":{"self":[{"href":"https:\/\/xn--confrariamarededudemontserratlleida-qdd.cat\/index.php\/wp-json\/wp\/v2\/posts\/1807"}],"collection":[{"href":"https:\/\/xn--confrariamarededudemontserratlleida-qdd.cat\/index.php\/wp-json\/wp\/v2\/posts"}],"about":[{"href":"https:\/\/xn--confrariamarededudemontserratlleida-qdd.cat\/index.php\/wp-json\/wp\/v2\/types\/post"}],"author":[{"embeddable":true,"href":"https:\/\/xn--confrariamarededudemontserratlleida-qdd.cat\/index.php\/wp-json\/wp\/v2\/users\/1"}],"replies":[{"embeddable":true,"href":"https:\/\/xn--confrariamarededudemontserratlleida-qdd.cat\/index.php\/wp-json\/wp\/v2\/comments?post=1807"}],"version-history":[{"count":7,"href":"https:\/\/xn--confrariamarededudemontserratlleida-qdd.cat\/index.php\/wp-json\/wp\/v2\/posts\/1807\/revisions"}],"predecessor-version":[{"id":1817,"href":"https:\/\/xn--confrariamarededudemontserratlleida-qdd.cat\/index.php\/wp-json\/wp\/v2\/posts\/1807\/revisions\/1817"}],"wp:featuredmedia":[{"embeddable":true,"href":"https:\/\/xn--confrariamarededudemontserratlleida-qdd.cat\/index.php\/wp-json\/wp\/v2\/media\/1633"}],"wp:attachment":[{"href":"https:\/\/xn--confrariamarededudemontserratlleida-qdd.cat\/index.php\/wp-json\/wp\/v2\/media?parent=1807"}],"wp:term":[{"taxonomy":"category","embeddable":true,"href":"https:\/\/xn--confrariamarededudemontserratlleida-qdd.cat\/index.php\/wp-json\/wp\/v2\/categories?post=1807"},{"taxonomy":"post_tag","embeddable":true,"href":"https:\/\/xn--confrariamarededudemontserratlleida-qdd.cat\/index.php\/wp-json\/wp\/v2\/tags?post=1807"}],"curies":[{"name":"wp","href":"https:\/\/api.w.org\/{rel}","templated":true}]}}