{"id":1486,"date":"2025-04-13T19:10:24","date_gmt":"2025-04-13T17:10:24","guid":{"rendered":"https:\/\/xn--confrariamarededudemontserratlleida-qdd.cat\/?p=1486"},"modified":"2025-06-04T19:25:03","modified_gmt":"2025-06-04T17:25:03","slug":"1486","status":"publish","type":"post","link":"https:\/\/xn--confrariamarededudemontserratlleida-qdd.cat\/index.php\/2025\/04\/13\/1486\/","title":{"rendered":"2025-04-13 &#8211; Assemblea anual de la Confraria"},"content":{"rendered":"<p style=\"text-align: center;\"><strong>Bona participaci\u00f3 a l\u2019assemblea anual de la confraria<\/strong><\/p>\n<p style=\"text-align: justify;\">La Casa de l\u2019Esgl\u00e9sia (Acad\u00e8mia Mariana) va acollir el dissabte 12 d\u2019abril l\u2019assemblea general de la Confraria de Montserrat amb una nodrida assist\u00e8ncia de confrares. El bisbe Salvador va presidir aquesta reuni\u00f3 i despr\u00e9s de la preg\u00e0ria inicial, va donar les gr\u00e0cies a les persones presents a la trobada per seguir formant part de forma activa de la Confraria.<\/p>\n<p style=\"text-align: justify;\">A continuaci\u00f3, es va aprovar l\u2019acta de la reuni\u00f3 anterior per unanimitat. Despr\u00e9s la tresorera, Ramona Oliva, va explicar els comptes del 2024 que tenen un d\u00e8ficit de 1.825,53 euros i va presentar el pressupost del 2025, que \u00e9s d\u2019uns 22.200 euros.<\/p>\n<p style=\"text-align: justify;\">Tot seguit va ser el moment del recordatori de les activitats de l\u2019any passat amb diferents actes tant a la catedral de Lleida com al Monestir de Montserrat. Aix\u00ed el 27 de gener va tenir lloc la trobada per preparar les diferents romeries que enguany, amb la celebraci\u00f3 del Mil\u00b7lenari &nbsp;acollir\u00e0 m\u00e9s actes dels habituals. El 27 d\u2019abril es va celebrar la festivitat de la Moreneta com ja es tradici\u00f3 amb molta participaci\u00f3 a la Catedral de Lleida. L\u201911 de maig vam participar a la VI trobada de les delegacions de la confraria i la nostra, per ser la m\u00e9s antiga de Catalunya, va tenir un paper rellevant i vam est\u00e0 presents a la taula presidencial. Del 8 al 12 de juliol vam gaudir de la Romeria a Montserrat amb diferents actes religiosos entre els quals va destacar la Jornada de Lleida el dia 9 de juliol, amb l\u2019assist\u00e8ncia d\u2019un centenar de persones. Finalment, al mes de setembre vam celebrar la Festa de les Mareded\u00e9us Trobades a la Catedral i vam assistir al Monestir a l\u2019Eucaristia en record dels confrares difunts l\u2019\u00faltim any.<\/p>\n<p style=\"text-align: justify;\">Tamb\u00e9 es van anunciar els actes per aquest any, entre els que cal destacar que la Romeria tindr\u00e0 un dia menys, del 10 al 16 de juliol, i que el Certamen Literari Mari\u00e0 de l\u2019Acad\u00e8mia Mariana, estar\u00e0 dedicat a la Mare de D\u00e9u de Montserrat pel mil\u00b7lenari. S\u2019han programat els actes tradicionals a Lleida: festivitat de la Moreneta i Missa del dia 8 de setembre, amb en la l\u2019entrega de la c\u00e8dula i l\u2019espelma als nous confrares. Aix\u00ed com els organitzats directament pel Monestir i als quals ens conviden a participar-hi: Trobada de les delegacions (31 de maig) i trobada en sufragi dels confrares difunts (20 de setembre).<\/p>\n<p style=\"text-align: justify;\">Un punt de l\u2019ordre del dia va estar dedicat al Mil\u00b7lenari tot animant als confrares a participar dels diferents actes, en especial a la Romeria del juliol, que enguany hem de ser m\u00e9s previsors que mai, ja que est\u00e0 previst que hi hagi m\u00e9s visitants coincidint amb aquesta efem\u00e8ride. Aix\u00ed es demana a totes les persones interessades en participar-hi que es vagin apuntant per poder organitzar els actes el m\u00e9s aviat possible.<\/p>\n<p style=\"text-align: justify;\">L\u2019Assemblea es va cloure amb el cant del Virolai i un refrigeri, al claustre de l\u2019Acad\u00e8mia Mariana.<\/p>\n<p><strong>Marta Mas<\/strong><\/p>\n<p><img loading=\"lazy\" decoding=\"async\" class=\"alignnone wp-image-1491 size-full\" src=\"https:\/\/xn--confrariamarededudemontserratlleida-qdd.cat\/wp-content\/uploads\/2025\/06\/IMG-20250412-WA0019-1.jpg\" alt=\"\" width=\"1341\" height=\"635\" srcset=\"https:\/\/xn--confrariamarededudemontserratlleida-qdd.cat\/wp-content\/uploads\/2025\/06\/IMG-20250412-WA0019-1.jpg 1341w, https:\/\/xn--confrariamarededudemontserratlleida-qdd.cat\/wp-content\/uploads\/2025\/06\/IMG-20250412-WA0019-1-300x142.jpg 300w, https:\/\/xn--confrariamarededudemontserratlleida-qdd.cat\/wp-content\/uploads\/2025\/06\/IMG-20250412-WA0019-1-1024x485.jpg 1024w, https:\/\/xn--confrariamarededudemontserratlleida-qdd.cat\/wp-content\/uploads\/2025\/06\/IMG-20250412-WA0019-1-768x364.jpg 768w\" sizes=\"(max-width: 1341px) 100vw, 1341px\" \/> <img loading=\"lazy\" decoding=\"async\" class=\"alignnone wp-image-1490 size-full\" src=\"https:\/\/xn--confrariamarededudemontserratlleida-qdd.cat\/wp-content\/uploads\/2025\/06\/IMG-20250412-WA0017.jpg\" alt=\"\" width=\"1546\" height=\"712\" srcset=\"https:\/\/xn--confrariamarededudemontserratlleida-qdd.cat\/wp-content\/uploads\/2025\/06\/IMG-20250412-WA0017.jpg 1546w, https:\/\/xn--confrariamarededudemontserratlleida-qdd.cat\/wp-content\/uploads\/2025\/06\/IMG-20250412-WA0017-300x138.jpg 300w, https:\/\/xn--confrariamarededudemontserratlleida-qdd.cat\/wp-content\/uploads\/2025\/06\/IMG-20250412-WA0017-1024x472.jpg 1024w, https:\/\/xn--confrariamarededudemontserratlleida-qdd.cat\/wp-content\/uploads\/2025\/06\/IMG-20250412-WA0017-768x354.jpg 768w, https:\/\/xn--confrariamarededudemontserratlleida-qdd.cat\/wp-content\/uploads\/2025\/06\/IMG-20250412-WA0017-1536x707.jpg 1536w\" sizes=\"(max-width: 1546px) 100vw, 1546px\" \/>&nbsp;<\/p>\n","protected":false},"excerpt":{"rendered":"<p>Bona participaci\u00f3 a l\u2019assemblea anual de la confraria La Casa de l\u2019Esgl\u00e9sia (Acad\u00e8mia Mariana) va acollir el dissabte 12 d\u2019abril&hellip;<\/p>\n","protected":false},"author":1,"featured_media":1489,"comment_status":"closed","ping_status":"closed","sticky":false,"template":"","format":"standard","meta":{"ngg_post_thumbnail":0,"footnotes":""},"categories":[4],"tags":[],"_links":{"self":[{"href":"https:\/\/xn--confrariamarededudemontserratlleida-qdd.cat\/index.php\/wp-json\/wp\/v2\/posts\/1486"}],"collection":[{"href":"https:\/\/xn--confrariamarededudemontserratlleida-qdd.cat\/index.php\/wp-json\/wp\/v2\/posts"}],"about":[{"href":"https:\/\/xn--confrariamarededudemontserratlleida-qdd.cat\/index.php\/wp-json\/wp\/v2\/types\/post"}],"author":[{"embeddable":true,"href":"https:\/\/xn--confrariamarededudemontserratlleida-qdd.cat\/index.php\/wp-json\/wp\/v2\/users\/1"}],"replies":[{"embeddable":true,"href":"https:\/\/xn--confrariamarededudemontserratlleida-qdd.cat\/index.php\/wp-json\/wp\/v2\/comments?post=1486"}],"version-history":[{"count":4,"href":"https:\/\/xn--confrariamarededudemontserratlleida-qdd.cat\/index.php\/wp-json\/wp\/v2\/posts\/1486\/revisions"}],"predecessor-version":[{"id":1493,"href":"https:\/\/xn--confrariamarededudemontserratlleida-qdd.cat\/index.php\/wp-json\/wp\/v2\/posts\/1486\/revisions\/1493"}],"wp:featuredmedia":[{"embeddable":true,"href":"https:\/\/xn--confrariamarededudemontserratlleida-qdd.cat\/index.php\/wp-json\/wp\/v2\/media\/1489"}],"wp:attachment":[{"href":"https:\/\/xn--confrariamarededudemontserratlleida-qdd.cat\/index.php\/wp-json\/wp\/v2\/media?parent=1486"}],"wp:term":[{"taxonomy":"category","embeddable":true,"href":"https:\/\/xn--confrariamarededudemontserratlleida-qdd.cat\/index.php\/wp-json\/wp\/v2\/categories?post=1486"},{"taxonomy":"post_tag","embeddable":true,"href":"https:\/\/xn--confrariamarededudemontserratlleida-qdd.cat\/index.php\/wp-json\/wp\/v2\/tags?post=1486"}],"curies":[{"name":"wp","href":"https:\/\/api.w.org\/{rel}","templated":true}]}}