{"id":1477,"date":"2025-04-28T19:07:02","date_gmt":"2025-04-28T17:07:02","guid":{"rendered":"https:\/\/xn--confrariamarededudemontserratlleida-qdd.cat\/?p=1477"},"modified":"2025-06-04T19:24:55","modified_gmt":"2025-06-04T17:24:55","slug":"2025-04-28-festa-de-la-mare-de-deu-de-montserrat-a-lleida","status":"publish","type":"post","link":"https:\/\/xn--confrariamarededudemontserratlleida-qdd.cat\/index.php\/2025\/04\/28\/2025-04-28-festa-de-la-mare-de-deu-de-montserrat-a-lleida\/","title":{"rendered":"2025-04-28 &#8211; Festa de la Mare de D\u00e9u de Montserrat a Lleida"},"content":{"rendered":"<p style=\"text-align: center;\"><strong>CENTENARS DE&nbsp; LLEIDATANS &nbsp;VENERAREN&nbsp; LA PATRONA DE CATALUNYA A LA CATEDRAL DE LLEIDA EL DIA DE LA SEVA FESTA<\/strong><\/p>\n<p style=\"text-align: justify;\">Tot i que enguany el 27 d\u2019abril, festa de la Mare de D\u00e9u de Montserrat s\u2019esqueia amb diumenge, centenars de Lleidatans fidels amb la Patrona de Catalunya, acudiren com \u00e9s costum a la Catedral Nova de Lleida, per venerar la seva imatge al seu altar i depositar-hi flors i ciris als seus peus.<\/p>\n<p style=\"text-align: justify;\">Les portes del temple van obrir-se a 2\/4 de 9 del mat\u00ed i a les 9 en punt tingu\u00e9 lloc la primera Missa de la festa, oficiada pel nostre consiliari Mn. Josep M. Escorihuela a l\u2019altar de la Patrona, que llu\u00efa com mai despr\u00e9s de la seva recent restauraci\u00f3.&nbsp;<\/p>\n<p style=\"text-align: justify;\">La Missa fou aplicada pels confrares difunts, entre ells l\u2019escriptora i poeta Rosa Fabregat. Durant tot el mat\u00ed l\u2019aflu\u00e8ncia de fidels fou una constant, deixant com un jard\u00ed de flors els peus de l\u2019altar de la confraria. Una de les ofrenes m\u00e9s significatives fou el centre de flors amb els colors del Bar\u00e7a que feu la Penya Penya Barcelonista Lleida 1970, encap\u00e7alada pel la mare del seu president Josep Vigat\u00e0, confrare, la Pepeta Mateu Arbon\u00e8s de 104 anys d\u2019edat.<\/p>\n<p style=\"text-align: justify;\">A les 12 del migdia el bisbe de Lleida Mons. Salvador Gim\u00e9nez Valls presid\u00ed l\u2019Eucaristia dominical a l\u2019altar major de la Catedral, mentre que a les 7 de la tarda el mateix bisbe ofici\u00e0 la Missa solemne de la festa, tot commemorant el Mil\u00b7lenari del monestir. La celebraci\u00f3 coincid\u00ed alhora amb la festa de la Divina Miseric\u00f2rdia.<\/p>\n<p style=\"text-align: justify;\">Quan eren prop de les 9 de la nit, la catedral tanc\u00e0 les seves portes, amb el ress\u00f2 de les preg\u00e0ries i de molts Virolais cantants en honor de la Verge Bruna. El darrer amb les veus del petit Cor de la Catedral de Lleida dirigit per Mn. Joaquim Mesalles, que solemnitz\u00e0 la celebraci\u00f3 vespertina d\u2019una&nbsp; llu\u00efda festa de la Patrona de Catalunya.<\/p>\n<p><img loading=\"lazy\" decoding=\"async\" class=\"alignnone wp-image-1481 size-full\" src=\"https:\/\/xn--confrariamarededudemontserratlleida-qdd.cat\/wp-content\/uploads\/2025\/06\/IMG-20250427-WA0060.jpg\" alt=\"\" width=\"2048\" height=\"1629\" srcset=\"https:\/\/xn--confrariamarededudemontserratlleida-qdd.cat\/wp-content\/uploads\/2025\/06\/IMG-20250427-WA0060.jpg 2048w, https:\/\/xn--confrariamarededudemontserratlleida-qdd.cat\/wp-content\/uploads\/2025\/06\/IMG-20250427-WA0060-300x239.jpg 300w, https:\/\/xn--confrariamarededudemontserratlleida-qdd.cat\/wp-content\/uploads\/2025\/06\/IMG-20250427-WA0060-1024x815.jpg 1024w, https:\/\/xn--confrariamarededudemontserratlleida-qdd.cat\/wp-content\/uploads\/2025\/06\/IMG-20250427-WA0060-768x611.jpg 768w, https:\/\/xn--confrariamarededudemontserratlleida-qdd.cat\/wp-content\/uploads\/2025\/06\/IMG-20250427-WA0060-1536x1222.jpg 1536w\" sizes=\"(max-width: 2048px) 100vw, 2048px\" \/> <img loading=\"lazy\" decoding=\"async\" class=\"alignnone wp-image-1480 size-full\" src=\"https:\/\/xn--confrariamarededudemontserratlleida-qdd.cat\/wp-content\/uploads\/2025\/06\/IMG-20250427-WA0058-2.jpg\" alt=\"\" width=\"1217\" height=\"1866\" srcset=\"https:\/\/xn--confrariamarededudemontserratlleida-qdd.cat\/wp-content\/uploads\/2025\/06\/IMG-20250427-WA0058-2.jpg 1217w, https:\/\/xn--confrariamarededudemontserratlleida-qdd.cat\/wp-content\/uploads\/2025\/06\/IMG-20250427-WA0058-2-196x300.jpg 196w, https:\/\/xn--confrariamarededudemontserratlleida-qdd.cat\/wp-content\/uploads\/2025\/06\/IMG-20250427-WA0058-2-668x1024.jpg 668w, https:\/\/xn--confrariamarededudemontserratlleida-qdd.cat\/wp-content\/uploads\/2025\/06\/IMG-20250427-WA0058-2-768x1178.jpg 768w, https:\/\/xn--confrariamarededudemontserratlleida-qdd.cat\/wp-content\/uploads\/2025\/06\/IMG-20250427-WA0058-2-1002x1536.jpg 1002w\" sizes=\"(max-width: 1217px) 100vw, 1217px\" \/> <img loading=\"lazy\" decoding=\"async\" class=\"alignnone wp-image-1479 size-full\" src=\"https:\/\/xn--confrariamarededudemontserratlleida-qdd.cat\/wp-content\/uploads\/2025\/06\/IMG-20250427-WA0048.jpg\" alt=\"\" width=\"2048\" height=\"2048\" srcset=\"https:\/\/xn--confrariamarededudemontserratlleida-qdd.cat\/wp-content\/uploads\/2025\/06\/IMG-20250427-WA0048.jpg 2048w, https:\/\/xn--confrariamarededudemontserratlleida-qdd.cat\/wp-content\/uploads\/2025\/06\/IMG-20250427-WA0048-300x300.jpg 300w, https:\/\/xn--confrariamarededudemontserratlleida-qdd.cat\/wp-content\/uploads\/2025\/06\/IMG-20250427-WA0048-1024x1024.jpg 1024w, https:\/\/xn--confrariamarededudemontserratlleida-qdd.cat\/wp-content\/uploads\/2025\/06\/IMG-20250427-WA0048-150x150.jpg 150w, https:\/\/xn--confrariamarededudemontserratlleida-qdd.cat\/wp-content\/uploads\/2025\/06\/IMG-20250427-WA0048-768x768.jpg 768w, https:\/\/xn--confrariamarededudemontserratlleida-qdd.cat\/wp-content\/uploads\/2025\/06\/IMG-20250427-WA0048-1536x1536.jpg 1536w\" sizes=\"(max-width: 2048px) 100vw, 2048px\" \/><\/p>\n","protected":false},"excerpt":{"rendered":"<p>CENTENARS DE&nbsp; LLEIDATANS &nbsp;VENERAREN&nbsp; LA PATRONA DE CATALUNYA A LA CATEDRAL DE LLEIDA EL DIA DE LA SEVA FESTA Tot&hellip;<\/p>\n","protected":false},"author":1,"featured_media":1482,"comment_status":"closed","ping_status":"closed","sticky":false,"template":"","format":"standard","meta":{"ngg_post_thumbnail":0,"footnotes":""},"categories":[4],"tags":[],"_links":{"self":[{"href":"https:\/\/xn--confrariamarededudemontserratlleida-qdd.cat\/index.php\/wp-json\/wp\/v2\/posts\/1477"}],"collection":[{"href":"https:\/\/xn--confrariamarededudemontserratlleida-qdd.cat\/index.php\/wp-json\/wp\/v2\/posts"}],"about":[{"href":"https:\/\/xn--confrariamarededudemontserratlleida-qdd.cat\/index.php\/wp-json\/wp\/v2\/types\/post"}],"author":[{"embeddable":true,"href":"https:\/\/xn--confrariamarededudemontserratlleida-qdd.cat\/index.php\/wp-json\/wp\/v2\/users\/1"}],"replies":[{"embeddable":true,"href":"https:\/\/xn--confrariamarededudemontserratlleida-qdd.cat\/index.php\/wp-json\/wp\/v2\/comments?post=1477"}],"version-history":[{"count":4,"href":"https:\/\/xn--confrariamarededudemontserratlleida-qdd.cat\/index.php\/wp-json\/wp\/v2\/posts\/1477\/revisions"}],"predecessor-version":[{"id":1485,"href":"https:\/\/xn--confrariamarededudemontserratlleida-qdd.cat\/index.php\/wp-json\/wp\/v2\/posts\/1477\/revisions\/1485"}],"wp:featuredmedia":[{"embeddable":true,"href":"https:\/\/xn--confrariamarededudemontserratlleida-qdd.cat\/index.php\/wp-json\/wp\/v2\/media\/1482"}],"wp:attachment":[{"href":"https:\/\/xn--confrariamarededudemontserratlleida-qdd.cat\/index.php\/wp-json\/wp\/v2\/media?parent=1477"}],"wp:term":[{"taxonomy":"category","embeddable":true,"href":"https:\/\/xn--confrariamarededudemontserratlleida-qdd.cat\/index.php\/wp-json\/wp\/v2\/categories?post=1477"},{"taxonomy":"post_tag","embeddable":true,"href":"https:\/\/xn--confrariamarededudemontserratlleida-qdd.cat\/index.php\/wp-json\/wp\/v2\/tags?post=1477"}],"curies":[{"name":"wp","href":"https:\/\/api.w.org\/{rel}","templated":true}]}}