{"id":1473,"date":"2025-05-31T13:20:12","date_gmt":"2025-05-31T11:20:12","guid":{"rendered":"https:\/\/xn--confrariamarededudemontserratlleida-qdd.cat\/?p=1473"},"modified":"2025-09-30T11:06:01","modified_gmt":"2025-09-30T09:06:01","slug":"1473","status":"publish","type":"post","link":"https:\/\/xn--confrariamarededudemontserratlleida-qdd.cat\/index.php\/2025\/05\/31\/1473\/","title":{"rendered":"2025 &#8211; VII TROBADA DE LES DELEGACIONS DE LA CONFRARIA DE LA MARE DE D\u00c9U DE MONTSERRAT"},"content":{"rendered":"<div class=\"gmail_default\" style=\"text-align: center;\"><i><u><b>LLEIDA PARTICIPA A LA VII TROBADA DE LES DELEGACIONS DE LA CONFRARIA&nbsp;DE MONTSERRAT<\/b><\/u><\/i><\/div>\n<div>&nbsp;<\/div>\n<div class=\"gmail_default\" style=\"text-align: justify;\">Una nodrida representaci\u00f3 de la Confraria&nbsp;de la Mare de D\u00e9u de Montserrat de Lleida, de la parr\u00f2quia de Montserrat i de la confraria de Montserrat d&#8217;Aitona, van participar a la VII Trobada de les delegacions de la Confraria de Montserrat., celebrada el dissabte 31 de maig.<\/div>\n<div class=\"gmail_default\" style=\"text-align: justify;\">L&#8217;acte central fou l&#8217;Eucaristia presidida pel bisbe de Solsona Francesc Conesa, seguida d&#8217;una dinar de germanor de totes les delegacions de Catalunya, de les quals la de Lleida n&#8217;\u00e9s la degana.<\/div>\n<p><img loading=\"lazy\" decoding=\"async\" class=\"alignnone wp-image-1472 size-full\" src=\"https:\/\/xn--confrariamarededudemontserratlleida-qdd.cat\/wp-content\/uploads\/2025\/05\/2025-TROBADA2.jpg\" alt=\"\" width=\"1599\" height=\"987\" srcset=\"https:\/\/xn--confrariamarededudemontserratlleida-qdd.cat\/wp-content\/uploads\/2025\/05\/2025-TROBADA2.jpg 1599w, https:\/\/xn--confrariamarededudemontserratlleida-qdd.cat\/wp-content\/uploads\/2025\/05\/2025-TROBADA2-300x185.jpg 300w, https:\/\/xn--confrariamarededudemontserratlleida-qdd.cat\/wp-content\/uploads\/2025\/05\/2025-TROBADA2-1024x632.jpg 1024w, https:\/\/xn--confrariamarededudemontserratlleida-qdd.cat\/wp-content\/uploads\/2025\/05\/2025-TROBADA2-768x474.jpg 768w, https:\/\/xn--confrariamarededudemontserratlleida-qdd.cat\/wp-content\/uploads\/2025\/05\/2025-TROBADA2-1536x948.jpg 1536w\" sizes=\"(max-width: 1599px) 100vw, 1599px\" \/> <img loading=\"lazy\" decoding=\"async\" class=\"alignnone wp-image-1471 size-full\" src=\"https:\/\/xn--confrariamarededudemontserratlleida-qdd.cat\/wp-content\/uploads\/2025\/05\/2025-TROBADA1.jpg\" alt=\"\" width=\"1600\" height=\"1199\" srcset=\"https:\/\/xn--confrariamarededudemontserratlleida-qdd.cat\/wp-content\/uploads\/2025\/05\/2025-TROBADA1.jpg 1600w, https:\/\/xn--confrariamarededudemontserratlleida-qdd.cat\/wp-content\/uploads\/2025\/05\/2025-TROBADA1-300x225.jpg 300w, https:\/\/xn--confrariamarededudemontserratlleida-qdd.cat\/wp-content\/uploads\/2025\/05\/2025-TROBADA1-1024x767.jpg 1024w, https:\/\/xn--confrariamarededudemontserratlleida-qdd.cat\/wp-content\/uploads\/2025\/05\/2025-TROBADA1-768x576.jpg 768w, https:\/\/xn--confrariamarededudemontserratlleida-qdd.cat\/wp-content\/uploads\/2025\/05\/2025-TROBADA1-1536x1151.jpg 1536w\" sizes=\"(max-width: 1600px) 100vw, 1600px\" \/><\/p>\n","protected":false},"excerpt":{"rendered":"<p>LLEIDA PARTICIPA A LA VII TROBADA DE LES DELEGACIONS DE LA CONFRARIA&nbsp;DE MONTSERRAT &nbsp; Una nodrida representaci\u00f3 de la Confraria&nbsp;de&hellip;<\/p>\n","protected":false},"author":1,"featured_media":1470,"comment_status":"closed","ping_status":"closed","sticky":false,"template":"","format":"standard","meta":{"ngg_post_thumbnail":0,"footnotes":""},"categories":[4],"tags":[],"_links":{"self":[{"href":"https:\/\/xn--confrariamarededudemontserratlleida-qdd.cat\/index.php\/wp-json\/wp\/v2\/posts\/1473"}],"collection":[{"href":"https:\/\/xn--confrariamarededudemontserratlleida-qdd.cat\/index.php\/wp-json\/wp\/v2\/posts"}],"about":[{"href":"https:\/\/xn--confrariamarededudemontserratlleida-qdd.cat\/index.php\/wp-json\/wp\/v2\/types\/post"}],"author":[{"embeddable":true,"href":"https:\/\/xn--confrariamarededudemontserratlleida-qdd.cat\/index.php\/wp-json\/wp\/v2\/users\/1"}],"replies":[{"embeddable":true,"href":"https:\/\/xn--confrariamarededudemontserratlleida-qdd.cat\/index.php\/wp-json\/wp\/v2\/comments?post=1473"}],"version-history":[{"count":4,"href":"https:\/\/xn--confrariamarededudemontserratlleida-qdd.cat\/index.php\/wp-json\/wp\/v2\/posts\/1473\/revisions"}],"predecessor-version":[{"id":1502,"href":"https:\/\/xn--confrariamarededudemontserratlleida-qdd.cat\/index.php\/wp-json\/wp\/v2\/posts\/1473\/revisions\/1502"}],"wp:featuredmedia":[{"embeddable":true,"href":"https:\/\/xn--confrariamarededudemontserratlleida-qdd.cat\/index.php\/wp-json\/wp\/v2\/media\/1470"}],"wp:attachment":[{"href":"https:\/\/xn--confrariamarededudemontserratlleida-qdd.cat\/index.php\/wp-json\/wp\/v2\/media?parent=1473"}],"wp:term":[{"taxonomy":"category","embeddable":true,"href":"https:\/\/xn--confrariamarededudemontserratlleida-qdd.cat\/index.php\/wp-json\/wp\/v2\/categories?post=1473"},{"taxonomy":"post_tag","embeddable":true,"href":"https:\/\/xn--confrariamarededudemontserratlleida-qdd.cat\/index.php\/wp-json\/wp\/v2\/tags?post=1473"}],"curies":[{"name":"wp","href":"https:\/\/api.w.org\/{rel}","templated":true}]}}