{"id":1375,"date":"2024-09-08T23:09:18","date_gmt":"2024-09-08T21:09:18","guid":{"rendered":"https:\/\/xn--confrariamarededudemontserratlleida-qdd.cat\/?p=1375"},"modified":"2024-09-08T23:44:01","modified_gmt":"2024-09-08T21:44:01","slug":"2024-09-08-lleida-se-suma-a-lobertura-del-mil-lennari-de-montserrat-amb-una-eucaristia-a-la-catedral","status":"publish","type":"post","link":"https:\/\/xn--confrariamarededudemontserratlleida-qdd.cat\/index.php\/2024\/09\/08\/2024-09-08-lleida-se-suma-a-lobertura-del-mil-lennari-de-montserrat-amb-una-eucaristia-a-la-catedral\/","title":{"rendered":"2024-09-08 : LLEIDA SE SUMA A L\u2019OBERTURA DEL \u00a0MIL.LENNARI DE MONTSERRAT AMB UNA EUCARISTIA A LA CATEDRAL"},"content":{"rendered":"<p style=\"text-align: justify;\"><span style=\"font-size: 14pt;\"><strong><span style=\"vertical-align: inherit;\"><span style=\"vertical-align: inherit;\"><span style=\"vertical-align: inherit;\"><span style=\"vertical-align: inherit;\"><span style=\"vertical-align: inherit;\"><span style=\"vertical-align: inherit;\">La Confraria ha celebrat alhora la festa de les Mareded\u00e9us Trobades<\/span><\/span><\/span><\/span><\/span><\/span><\/strong><\/span><\/p>\n<p style=\"text-align: justify;\"><span style=\"font-size: 14pt;\"><span style=\"vertical-align: inherit;\"><span style=\"vertical-align: inherit;\"><span style=\"vertical-align: inherit;\"><span style=\"vertical-align: inherit;\"><span style=\"vertical-align: inherit;\"><span style=\"vertical-align: inherit;\">La Confraria de Montserrat de Lleida, ha celebrat com ja \u00e9s costum cada 8 de setembre, la festa de la Nativitat de la Mare de D\u00e9u, coneguda popularment a casa nostra com a festa de les Mareded\u00e9us Trobades.<\/span><\/span><\/span><\/span><\/span><\/span><\/span><\/p>\n<p style=\"text-align: justify;\"><span style=\"font-size: 14pt;\"><span style=\"vertical-align: inherit;\"><span style=\"vertical-align: inherit;\"><span style=\"vertical-align: inherit;\"><span style=\"vertical-align: inherit;\"><span style=\"vertical-align: inherit;\"><span style=\"vertical-align: inherit;\">Ho ha fet amb la celebraci\u00f3 de l&#8217;Eucaristia a les 12 del migdia a la Catedral, amb una nombrosa assist\u00e8ncia de fidels i confrares de la Moreneta. Ha estat presidida pel bisbe de Lleida Salvador Gim\u00e9nez Valls i concelebrada pel consiliari de la confraria Mn. Josep M. Escorihuela, amb l&#8217;assist\u00e8ncia d&#8217;una nombrosa concurr\u00e8ncia de fidels i confrares de la Moreneta.<\/span><\/span><\/span><\/span><\/span><\/span><\/span><\/p>\n<p style=\"text-align: justify;\"><span style=\"font-size: 14pt;\"><span style=\"vertical-align: inherit;\"><span style=\"vertical-align: inherit;\"><span style=\"vertical-align: inherit;\"><span style=\"vertical-align: inherit;\"><span style=\"vertical-align: inherit;\"><span style=\"vertical-align: inherit;\">La celebraci\u00f3 ha estat alhora marcada per l&#8217;obertura del Mil\u00b7lenari de Montserrat, que la comunitat benedictina ha endegat en commemoraci\u00f3 del mil anys de la fundaci\u00f3 del monestir, que \u00e9s la seva de la Patrona de Catalunya. L&#8217;acte oficial d&#8217;obertura tingu\u00e9 lloc el vespre del passat divendres a la Santa Muntanya, per a cloure el 8 de desembre de 2025.<\/span><\/span><\/span><\/span><\/span><\/span><\/span><\/p>\n<p style=\"text-align: justify;\"><span style=\"font-size: 14pt;\"><span style=\"vertical-align: inherit;\"><span style=\"vertical-align: inherit;\"><span style=\"vertical-align: inherit;\"><span style=\"vertical-align: inherit;\"><span style=\"vertical-align: inherit;\"><span style=\"vertical-align: inherit;\">El bisbe de Lleida en la seva homilia, s&#8217;ha referit a aquest esdeveniment: <\/span><\/span><\/span><\/span><\/span><\/span><em><span style=\"vertical-align: inherit;\"><span style=\"vertical-align: inherit;\"><span style=\"vertical-align: inherit;\"><span style=\"vertical-align: inherit;\"><span style=\"vertical-align: inherit;\"><span style=\"vertical-align: inherit;\">\u201c&#8230;que us atregui no nom\u00e9s la muntanya de Montserrat en aquest Mil\u00b7lenari, si no per damunt de tot la Mare de D\u00e9u a la que demanem. . . que ens ajudi en la fe, l&#8217;esperan\u00e7a i la caritat del nostre poble\u201d<\/span><\/span><\/span><\/span><\/span><\/span><\/em><\/span><\/p>\n<p style=\"text-align: justify;\"><span style=\"font-size: 14pt;\"><span style=\"vertical-align: inherit;\"><span style=\"vertical-align: inherit;\"><span style=\"vertical-align: inherit;\"><span style=\"vertical-align: inherit;\"><span style=\"vertical-align: inherit;\"><span style=\"vertical-align: inherit;\">En el moment de les preg\u00e0ries ia punt ja de celebrar la Diada, s&#8217;ha pregat pel president de la Generalitat i les dem\u00e9s autoritats de Catalunya i de la ciutat de Lleida: <\/span><\/span><\/span><\/span><\/span><\/span><em><span style=\"vertical-align: inherit;\"><span style=\"vertical-align: inherit;\"><span style=\"vertical-align: inherit;\"><span style=\"vertical-align: inherit;\"><span style=\"vertical-align: inherit;\"><span style=\"vertical-align: inherit;\">\u201c&#8230;per a que amb seny, bona voluntat, fermesa. . . i amb l&#8217;ajut de tothom treballin plegats per a fer de la nostra Terra una comunitat justa, acollidora i pr\u00f2spera\u201d.<\/span><\/span><\/span><\/span><\/span><\/span><\/em><\/span><\/p>\n<p style=\"text-align: justify;\"><span style=\"font-size: 14pt;\"><span style=\"vertical-align: inherit;\"><span style=\"vertical-align: inherit;\"><span style=\"vertical-align: inherit;\"><span style=\"vertical-align: inherit;\"><span style=\"vertical-align: inherit;\"><span style=\"vertical-align: inherit;\">Abans de cloure la celebraci\u00f3 i despr\u00e9s d&#8217;unes paraules d&#8217;agra\u00efment de Josep Estruch i de significaci\u00f3 de la celebraci\u00f3, el bisbe de Lleida acompanyat pel consiliari i president de la Confraria, ha fet lliurament a una desena de nosaltres confrares de la c\u00e8dula que els acredita com a tals, signada pel P. abat de Montserrat, aix\u00ed com la ins\u00edgnia de la confraria i un llanti\u00f3.<\/span><\/span><\/span><\/span><\/span><\/span><\/span><\/p>\n<p style=\"text-align: justify;\"><span style=\"font-size: 14pt;\"><span style=\"vertical-align: inherit;\"><span style=\"vertical-align: inherit;\"><span style=\"vertical-align: inherit;\"><span style=\"vertical-align: inherit;\"><span style=\"vertical-align: inherit;\"><span style=\"vertical-align: inherit;\">Tot seguit s&#8217;han traslladat al recent restaurat altar de la Mare de D\u00e9u de Montserrat, on com \u00e9s costum s&#8217;han cantat el Virolai, entonat pel Petit Cor de la Catedral de Lleida, tot pujant fins al cambril de la Patrona per venerar la la seva imatge. Al baixar del cambril, el bisbe de Lleida i el president de la Confraria, han descobert una placa commemorativa de la restauraci\u00f3 de l&#8217;altar i de la seva inauguraci\u00f3, el passat 16 de juny, que fins aleshores estava coberta per una senyera.<\/span><\/span><\/span><\/span><\/span><\/span><\/span><\/p>\n<p style=\"text-align: justify;\"><span style=\"font-size: 14pt;\"><span style=\"vertical-align: inherit;\"><span style=\"vertical-align: inherit;\"><span style=\"vertical-align: inherit;\"><span style=\"vertical-align: inherit;\"><span style=\"vertical-align: inherit;\"><span style=\"vertical-align: inherit;\">De fet ha estat aquesta celebraci\u00f3 el primer acte religi\u00f3s que la Confraria ha celebrat des de la restauraci\u00f3 de la capella de la Patrona, a c\u00e0rrec dels restauradors Jos\u00e9 A. Ferrer i Llu\u00eds Capdevila. Tots dos artistes protagonitzaran el proper divendres 13 de setembre, a les 7 de la tarda un acte singular per explicar \u201cin situ\u201d, davant la capella de la Moreneta a la mateixa catedral, com \u00e9s va fer dita restauraci\u00f3, amb les an\u00e8cdotes i singularitats. . . que van trobar-se durant el 50 dies que va durar aquest important treball. L&#8217;acte ser\u00e0 acompanyat per intervencions musicals montserratines a c\u00e0rrec de la mezzosoprano Anna Prada, acompanyada per Mn. Joaquim Mesalles, mestre de capella de la Catedral de Lleida.<\/span><\/span><\/span><\/span><\/span><\/span><\/span><\/p>\nngg_shortcode_0_placeholder\n","protected":false},"excerpt":{"rendered":"<p>La Confraria ha celebrat alhora la festa de les Mareded\u00e9us Trobades La Confraria de Montserrat de Lleida, ha celebrat com&hellip;<\/p>\n","protected":false},"author":1,"featured_media":1392,"comment_status":"closed","ping_status":"closed","sticky":false,"template":"","format":"standard","meta":{"ngg_post_thumbnail":0,"footnotes":""},"categories":[4],"tags":[],"_links":{"self":[{"href":"https:\/\/xn--confrariamarededudemontserratlleida-qdd.cat\/index.php\/wp-json\/wp\/v2\/posts\/1375"}],"collection":[{"href":"https:\/\/xn--confrariamarededudemontserratlleida-qdd.cat\/index.php\/wp-json\/wp\/v2\/posts"}],"about":[{"href":"https:\/\/xn--confrariamarededudemontserratlleida-qdd.cat\/index.php\/wp-json\/wp\/v2\/types\/post"}],"author":[{"embeddable":true,"href":"https:\/\/xn--confrariamarededudemontserratlleida-qdd.cat\/index.php\/wp-json\/wp\/v2\/users\/1"}],"replies":[{"embeddable":true,"href":"https:\/\/xn--confrariamarededudemontserratlleida-qdd.cat\/index.php\/wp-json\/wp\/v2\/comments?post=1375"}],"version-history":[{"count":5,"href":"https:\/\/xn--confrariamarededudemontserratlleida-qdd.cat\/index.php\/wp-json\/wp\/v2\/posts\/1375\/revisions"}],"predecessor-version":[{"id":1393,"href":"https:\/\/xn--confrariamarededudemontserratlleida-qdd.cat\/index.php\/wp-json\/wp\/v2\/posts\/1375\/revisions\/1393"}],"wp:featuredmedia":[{"embeddable":true,"href":"https:\/\/xn--confrariamarededudemontserratlleida-qdd.cat\/index.php\/wp-json\/wp\/v2\/media\/1392"}],"wp:attachment":[{"href":"https:\/\/xn--confrariamarededudemontserratlleida-qdd.cat\/index.php\/wp-json\/wp\/v2\/media?parent=1375"}],"wp:term":[{"taxonomy":"category","embeddable":true,"href":"https:\/\/xn--confrariamarededudemontserratlleida-qdd.cat\/index.php\/wp-json\/wp\/v2\/categories?post=1375"},{"taxonomy":"post_tag","embeddable":true,"href":"https:\/\/xn--confrariamarededudemontserratlleida-qdd.cat\/index.php\/wp-json\/wp\/v2\/tags?post=1375"}],"curies":[{"name":"wp","href":"https:\/\/api.w.org\/{rel}","templated":true}]}}