{"id":1336,"date":"2024-08-26T19:35:01","date_gmt":"2024-08-26T17:35:01","guid":{"rendered":"https:\/\/xn--confrariamarededudemontserratlleida-qdd.cat\/?p=1336"},"modified":"2024-08-26T19:41:44","modified_gmt":"2024-08-26T17:41:44","slug":"1336","status":"publish","type":"post","link":"https:\/\/xn--confrariamarededudemontserratlleida-qdd.cat\/index.php\/2024\/08\/26\/1336\/","title":{"rendered":"2024 &#8211; Nativitat de la Mare de D\u00e9u"},"content":{"rendered":"<p style=\"text-align: justify;\"><span style=\"vertical-align: inherit;\"><span style=\"vertical-align: inherit;\"><span style=\"vertical-align: inherit;\"><span style=\"vertical-align: inherit;\"><span style=\"vertical-align: inherit;\"><span style=\"vertical-align: inherit;\"><span style=\"vertical-align: inherit;\"><span style=\"vertical-align: inherit;\"><span style=\"vertical-align: inherit;\"><span style=\"vertical-align: inherit;\"><span style=\"vertical-align: inherit;\"><span style=\"vertical-align: inherit;\"><span style=\"vertical-align: inherit;\"><span style=\"vertical-align: inherit;\">La Catedral de Lleida celebra aquest mes de setembre l&#8217;obertura del mil\u00b7lenari del monestir de Montserrat. Aix\u00ed, el diumenge 8 de setembre, Festa de la Nativitat de la Mare de D\u00e9u, a les 12 del migdia tindr\u00e0 lloc la celebraci\u00f3 de l&#8217;Eucaristia presidida pel bisbe Salvador Gim\u00e9nez. Al final es far\u00e0 el lliurament de la c\u00e8dula de confrare, la insignia i el llanti\u00f3 als nous membres de la Confraria. A continuaci\u00f3, a l&#8217;altar de la Patrona, far\u00e0 el descobriment de la placa commemorativa de la seva recent restauraci\u00f3.<\/span><\/span><\/span><\/span><\/span><\/span><\/span><\/span><\/span><\/span><\/span><\/span><\/span><\/span><\/p>\n<p style=\"text-align: justify;\"><span style=\"vertical-align: inherit;\"><span style=\"vertical-align: inherit;\"><span style=\"vertical-align: inherit;\"><span style=\"vertical-align: inherit;\"><span style=\"vertical-align: inherit;\"><span style=\"vertical-align: inherit;\"><span style=\"vertical-align: inherit;\"><span style=\"vertical-align: inherit;\"><span style=\"vertical-align: inherit;\"><span style=\"vertical-align: inherit;\"><span style=\"vertical-align: inherit;\"><span style=\"vertical-align: inherit;\"><span style=\"vertical-align: inherit;\"><span style=\"vertical-align: inherit;\">Per \u00faltim, el divendres 13 de setembre tindr\u00e0 lloc l&#8217;explicaci\u00f3 de la restauraci\u00f3 de l&#8217;altar. Ser\u00e0 a les 19 hores i davant mateix de l&#8217;altar, els restauradors Jos\u00e9 A. Ferrer i Llu\u00eds Capdevila explicaran en que ha consistit en la restauraci\u00f3 d&#8217;aquest altar. Despr\u00e9s, hi haur\u00e0 un petit concert a c\u00e0rrec de la mezzosoprano Anna M. Prada acompanyada pel mestre de capella, Mn. Joaquim Mesalles.<\/span><\/span><\/span><\/span><\/span><\/span><\/span><\/span><\/span><\/span><\/span><\/span><\/span><\/span><\/p>\n","protected":false},"excerpt":{"rendered":"<p>La Catedral de Lleida celebra aquest mes de setembre l&#8217;obertura del mil\u00b7lenari del monestir de Montserrat. Aix\u00ed, el diumenge 8&hellip;<\/p>\n","protected":false},"author":1,"featured_media":1339,"comment_status":"closed","ping_status":"closed","sticky":false,"template":"","format":"standard","meta":{"ngg_post_thumbnail":0,"footnotes":""},"categories":[4],"tags":[],"_links":{"self":[{"href":"https:\/\/xn--confrariamarededudemontserratlleida-qdd.cat\/index.php\/wp-json\/wp\/v2\/posts\/1336"}],"collection":[{"href":"https:\/\/xn--confrariamarededudemontserratlleida-qdd.cat\/index.php\/wp-json\/wp\/v2\/posts"}],"about":[{"href":"https:\/\/xn--confrariamarededudemontserratlleida-qdd.cat\/index.php\/wp-json\/wp\/v2\/types\/post"}],"author":[{"embeddable":true,"href":"https:\/\/xn--confrariamarededudemontserratlleida-qdd.cat\/index.php\/wp-json\/wp\/v2\/users\/1"}],"replies":[{"embeddable":true,"href":"https:\/\/xn--confrariamarededudemontserratlleida-qdd.cat\/index.php\/wp-json\/wp\/v2\/comments?post=1336"}],"version-history":[{"count":8,"href":"https:\/\/xn--confrariamarededudemontserratlleida-qdd.cat\/index.php\/wp-json\/wp\/v2\/posts\/1336\/revisions"}],"predecessor-version":[{"id":1345,"href":"https:\/\/xn--confrariamarededudemontserratlleida-qdd.cat\/index.php\/wp-json\/wp\/v2\/posts\/1336\/revisions\/1345"}],"wp:featuredmedia":[{"embeddable":true,"href":"https:\/\/xn--confrariamarededudemontserratlleida-qdd.cat\/index.php\/wp-json\/wp\/v2\/media\/1339"}],"wp:attachment":[{"href":"https:\/\/xn--confrariamarededudemontserratlleida-qdd.cat\/index.php\/wp-json\/wp\/v2\/media?parent=1336"}],"wp:term":[{"taxonomy":"category","embeddable":true,"href":"https:\/\/xn--confrariamarededudemontserratlleida-qdd.cat\/index.php\/wp-json\/wp\/v2\/categories?post=1336"},{"taxonomy":"post_tag","embeddable":true,"href":"https:\/\/xn--confrariamarededudemontserratlleida-qdd.cat\/index.php\/wp-json\/wp\/v2\/tags?post=1336"}],"curies":[{"name":"wp","href":"https:\/\/api.w.org\/{rel}","templated":true}]}}