{"id":131,"date":"2017-07-09T21:03:00","date_gmt":"2017-07-09T19:03:00","guid":{"rendered":"https:\/\/xn--confrariamarededudemontserratlleida-qdd.cat\/?p=131"},"modified":"2023-10-26T13:51:42","modified_gmt":"2023-10-26T11:51:42","slug":"actes-del-70-aniversari-de-la-romeria-de-lleida-a-montserrat","status":"publish","type":"post","link":"https:\/\/xn--confrariamarededudemontserratlleida-qdd.cat\/index.php\/2017\/07\/09\/actes-del-70-aniversari-de-la-romeria-de-lleida-a-montserrat\/","title":{"rendered":"Actes del 70 aniversari del  Romiatge de Lleida a Montserrat"},"content":{"rendered":"\n<p>&nbsp;<strong>Els romers han pregat davant la maj\u00f2lica de la Verge Blanca de l\u2019Acad\u00e8mia, patrona de Lleida<\/strong><\/p>\n\n\n\n<p>El bisbe Salvador va presidir el diumenge 9 de juliol al monestir de Montserrat, els&nbsp;<a href=\"http:\/\/www.lleidaparticipa.cat\/\/index_web.php?ap=czo4OiJub3RpY2llcyI7&amp;idw=czozOiI2MTgiOw==&amp;idi=czozOiJjYXQiOw==&amp;idn=42f67ee6edf8958816e38b124609c38f\" target=\"_blank\" rel=\"noreferrer noopener\">actes del 70 aniversari de la Romeria de Lleida<\/a>&nbsp;que tots els anys organitza la Confraria de la Mare de D\u00e9u de Montserrat.<\/p>\n\n\n\n<p>El pelegrinatge va comen\u00e7ar a les 11 del mat\u00ed, amb la celebraci\u00f3 de la Missa Conventual a la bas\u00edlica del monestir presidida pel bisbe Salvador i concelebrada pel P. Abat i la comunitat benedictina i amb la participaci\u00f3 dels romers de Lleida,&nbsp; m\u00e9s d&#8217;un centenar, amb el president de la Confraria, Josep Estruch, al capdavant.<\/p>\n\n\n\n<p>La celebraci\u00f3 s\u2019inici\u00e0 amb la lectura de l\u2019Ofrena a la Mare de D\u00e9u de Montserrat, llegida per una confrare de Lleida: \u201c&#8230;volem manifestar als peus de la nostra Patrona i encap\u00e7alats pel nostre bisbe Salvador que presideix aquesta Eucaristia, el goig per poder commemorar els&nbsp; 70 anys&nbsp; de la nostra Romeria, que \u00e9s un dels fets m\u00e9s destacats de la nostra hist\u00f2ria com a Confraria\u201d.<\/p>\n\n\n\n<p>El bisbe Salvador en la seva homilia va deixar palesa la devoci\u00f3 que a Lleida hi ha per \u201cLa Moreneta\u201d i va agrair a la Confraria de Montserrat el seu treball i esfor\u00e7 per mantenir-la. Va Continuar la seva reflexi\u00f3 dient que el cristi\u00e0 no ha de ser mai una persona contradict\u00f2ria amb el que creu i el que fa, sin\u00f3 coherent amb la fe i la vida, sense oblidar mai a D\u00e9u que n\u2019ha de ser el centre. En aquest sentit el bisbe Salvador convid\u00e0 els cristians a viure segons els manaments del Senyor.<\/p>\n\n\n\n<p>En el moment de l\u2019ofertori, amb les ja tradicionals ofrenes de cada any de quatre caixes de pr\u00e9ssecs de Lleida i dos garrafes d\u2019oli, enguany amb ocasi\u00f3 del 70 aniversari de la Romeria es va entregar la bandera de la ciutat de Lleida que l\u2019alcalde \u00c0ngel Ros havia donat a la Confraria en la catedral amb ocasi\u00f3 de la Missa de la festa de la Mare de D\u00e9u de Montserrat d\u2019enguany. La bandera fou portada fins l\u2019altar per la regidora de Cultura Montse Parra, acompanyada pel president de la Confraria Josep Estruch i fou rebuda pel bisbe Salvador.<\/p>\n\n\n\n<p>Finalitzada la celebraci\u00f3 i despr\u00e9s de cantar el Virolai, la Romeria de Lleida va ser rebuda pel P. Abat Josep M. Soler, que va transmetre als confrares i romers la rellev\u00e0ncia que per a Montserrat t\u00e9 la Confraria i la Romeria de Lleida: &#8220;&#8230;una de les ciutats de Catalunya on la festa de la Mare de D\u00e9u de Montserrat t\u00e9 m\u00e9s relleu i la Romeria de Lleida \u00e9s per nosaltres molt emblem\u00e0tica i un model\u201d, digu\u00e9.<\/p>\n\n\n\n<p>Abans de finalitzar l\u2019acte, el president de la Confraria en nom de tots els confrares va lliurar una fotografia emmarcada a M\u00aa Merc\u00e8 Garc\u00eda, membre de junta i una de les confrares m\u00e9s veteranes en l\u2019organitzaci\u00f3 del romiatge a Montserrat. Aix\u00ed mateix se li va lliurar aquest mateix reconeixement a la regidora Montse Parra, en agra\u00efment pel seu suport personal i institucional de la Paeria a les activitats de la Confraria. Finalment es va entregar al P. Abat Josep M. Soler una fotografia emmarcada on es veu pregant davant la imatge de la Mare de D\u00e9u de Montserrat de la Catedral de Lleida, que va rebre complaent i amb certa sorpresa.<\/p>\n\n\n\n<p>Els actes van continuar amb un dinar de germanor i la tradicional visita al passeig dels Degotalls, per tal de pregar davant la maj\u00f2lica de la Verge Blanca de l&#8217;Acad\u00e8mia Patrona de Lleida. Alguns romers lleidatans faran estada al Monestir fins el proper 14 de juliol. D\u2019altres van marxar amb autocar el mateix diumenge, finalitzats els actes i despr\u00e9s d\u2019escoltar el cant de Vespres.<\/p>\n\n\n\n<p><strong>Jordi Curc\u00f3<\/strong><strong><\/strong><\/p>\n\n\n<div class=\"wp-block-image\">\n<figure class=\"aligncenter\"><img decoding=\"async\" src=\"https:\/\/www.lleidaparticipa.cat\/public\/618\/image\/noticies\/2017\/70%20aniversari%20romeria%20montserrat\/MONTSERRAT-10-JULIOL-1.jpg\" alt=\"\"\/><\/figure><\/div>","protected":false},"excerpt":{"rendered":"<p>&nbsp;Els romers han pregat davant la maj\u00f2lica de la Verge Blanca de l\u2019Acad\u00e8mia, patrona de Lleida El bisbe Salvador va&hellip;<\/p>\n","protected":false},"author":1,"featured_media":0,"comment_status":"closed","ping_status":"closed","sticky":false,"template":"","format":"standard","meta":{"ngg_post_thumbnail":0,"footnotes":""},"categories":[4],"tags":[],"_links":{"self":[{"href":"https:\/\/xn--confrariamarededudemontserratlleida-qdd.cat\/index.php\/wp-json\/wp\/v2\/posts\/131"}],"collection":[{"href":"https:\/\/xn--confrariamarededudemontserratlleida-qdd.cat\/index.php\/wp-json\/wp\/v2\/posts"}],"about":[{"href":"https:\/\/xn--confrariamarededudemontserratlleida-qdd.cat\/index.php\/wp-json\/wp\/v2\/types\/post"}],"author":[{"embeddable":true,"href":"https:\/\/xn--confrariamarededudemontserratlleida-qdd.cat\/index.php\/wp-json\/wp\/v2\/users\/1"}],"replies":[{"embeddable":true,"href":"https:\/\/xn--confrariamarededudemontserratlleida-qdd.cat\/index.php\/wp-json\/wp\/v2\/comments?post=131"}],"version-history":[{"count":4,"href":"https:\/\/xn--confrariamarededudemontserratlleida-qdd.cat\/index.php\/wp-json\/wp\/v2\/posts\/131\/revisions"}],"predecessor-version":[{"id":741,"href":"https:\/\/xn--confrariamarededudemontserratlleida-qdd.cat\/index.php\/wp-json\/wp\/v2\/posts\/131\/revisions\/741"}],"wp:attachment":[{"href":"https:\/\/xn--confrariamarededudemontserratlleida-qdd.cat\/index.php\/wp-json\/wp\/v2\/media?parent=131"}],"wp:term":[{"taxonomy":"category","embeddable":true,"href":"https:\/\/xn--confrariamarededudemontserratlleida-qdd.cat\/index.php\/wp-json\/wp\/v2\/categories?post=131"},{"taxonomy":"post_tag","embeddable":true,"href":"https:\/\/xn--confrariamarededudemontserratlleida-qdd.cat\/index.php\/wp-json\/wp\/v2\/tags?post=131"}],"curies":[{"name":"wp","href":"https:\/\/api.w.org\/{rel}","templated":true}]}}