{"id":129,"date":"2017-04-27T20:59:00","date_gmt":"2017-04-27T18:59:00","guid":{"rendered":"https:\/\/xn--confrariamarededudemontserratlleida-qdd.cat\/?p=129"},"modified":"2023-10-26T13:48:38","modified_gmt":"2023-10-26T11:48:38","slug":"mes-de-5-000-lleidatans-veneren-a-la-mare-de-deu-de-montserrat","status":"publish","type":"post","link":"https:\/\/xn--confrariamarededudemontserratlleida-qdd.cat\/index.php\/2017\/04\/27\/mes-de-5-000-lleidatans-veneren-a-la-mare-de-deu-de-montserrat\/","title":{"rendered":"M\u00e9s de 5000 Lleidatans veneren a la Mare de D\u00e9u de Montserrar"},"content":{"rendered":"\n<p>Celebraci\u00f3 de la Festa de la Mare de D\u00e9u de Montserrat<\/p>\n\n\n\n<p>Tot i la inclem\u00e8ncia climatol\u00f2gica de la jornada del 27 d&#8217;abril, van ser prop de 5.000 els lleidatans que s&#8217;aproparen&nbsp;fins a&nbsp;la Catedral Nova per&nbsp;tal com&nbsp;mana la tradici\u00f3, venerar en el dia de la seva festa a la Patrona de Catalunya, la Mare de D\u00e9u de Montserrat i dipositar als seus peus i en la seva capella, centenars tamb\u00e9 de flors i ciris.<\/p>\n\n\n\n<p>El president de la Confraria de la Mare de D\u00e9u de Montserrat de Lleida, Josep&nbsp;Estruch, ha manifestat la seva satisfacci\u00f3 per la resposta dels lleidatans a la festa: &#8220;Estem molt contents pel desenvolupament de la jornada i per la riuada de gent que ha passat a venerar &#8220;la Moreneta&#8221;.<\/p>\n\n\n\n<p><img decoding=\"async\" alt=\"\" src=\"https:\/\/www.bisbatlleida.org\/sites\/default\/files\/5-3-232%20RRR---3856--RRR--.JPG\">Enguany fins i tot s&#8217;ha recuperat l&#8217;ofrena escolar del mat\u00ed, que havia decaigut en&nbsp;aquests&nbsp;darrers anys, havent passat m\u00e9s d&#8217;un centenar d&#8217;alumnes del&nbsp;col\u00b7legi&nbsp;Maristes Montserrat, aix\u00ed com nens i nenes del&nbsp;col\u00b7legi&nbsp;Santa Anna, Mater i altres centres&#8221;.<\/p>\n\n\n\n<p>A tots ells, com a tothom que puj\u00e0 a venerar la Verge de Montserrat en el seu cambril, la Confraria els obsequi\u00e0 amb una branca de boix bene\u00eft, un s\u00edmbol montserrat\u00ed molt arrelat i amb un punt de llibre commemoratiu del 70 aniversari de la Romeria de Montserrat a Lleida, amb una composici\u00f3 art\u00edstica d&#8217;Amadeu Bonet: &#8220;S&#8217;han editat 5.000 punts de llibre i gaireb\u00e9 ja no ens en queda cap&#8221;, ha explicat el president de la Confraria, assenyalant que aquesta potser aproximadament la xifra de persones que han passat per la Catedral el dia de la Patrona de Catalunya.<\/p>\n\n\n\n<p><img decoding=\"async\" alt=\"\" src=\"https:\/\/www.bisbatlleida.org\/sites\/default\/files\/5-3-232%20RRR---3884--RRR--.JPG\">Si la festa s&#8217;inici\u00e0 a les 9 del mat\u00ed amb una concorreguda Missa primera a l&#8217;altar de la Patrona, oficiada pel consiliari de la Confraria&nbsp;Mn. Xavier&nbsp;Batiste, finalitz\u00e0 al vespre amb una Concelebraci\u00f3 Eucaristia que, per abs\u00e8ncia del Sr. Bisbe&nbsp;de viatje&nbsp;fora la ciutat, fou presidida pel vicari general de la di\u00f2cesi&nbsp;Mn. Josep Antoni Jos\u00e9.<\/p>\n\n\n\n<p>A la Missa assist\u00ed el paer en cap \u00c0ngel Ros, acompanyat per la regidora Montse Parra i&nbsp;altres regidors. Moments abans de cloure la celebraci\u00f3, l&#8217;alcalde&nbsp;f\u00e9u&nbsp;lliurament a la Confraria d&#8217;una bandera de la ciutat de Lleida,&nbsp;perqu\u00e8&nbsp;aquesta la traslladi a Montserrat el 9 de juliol amb ocasi\u00f3 dels actes commemoratius del 70 aniversari de la Romeria, que tindran lloc en aquella jornada al mateix monestir de Montserrat.<\/p>\n\n\n\n<p>La Confraria de Montserrat que ja t\u00e9 per costum, va celebrar un Tridu de preparaci\u00f3 a la festa de la Patrona. El primer dia se n&#8217;an\u00e0 a la parr\u00f2quia de la Mare de D\u00e9u de la Merc\u00e8 d&#8217;Almacelles, amb la celebraci\u00f3 de l&#8217;Eucaristia presidida pel rector&nbsp;Mn. Joaquim&nbsp;Blas&nbsp;i cantada per la Coral &#8220;Veus Unides&#8221;. La segona jornada tingu\u00e9 lloc a la parr\u00f2quia de la Verge dels Pobres del Sec\u00e0 de Sant Pere, amb ocasi\u00f3 de celebrar el seu 50 Aniversari. L&#8217;Eucaristia fou presidida pel seu rector&nbsp;Mn. Josep Antoni&nbsp;Jov\u00e9&nbsp;i cantada per la Coral &#8220;Veus Amigues&#8221;.<\/p>\n\n\n\n<p>El tercer dia del Tridu, que ha gaudit enguany d&#8217;una nodrida assist\u00e8ncia, fou dedicat com ja&nbsp;\u00e9s&nbsp;costum a pujar al Monestir de Montserrat per tal d&#8217;assistir a la ja tradicional Vetlla de Santa Maria, que&nbsp;t\u00e9&nbsp;lloc en la bas\u00edlica del Monestir en la vig\u00edlia de la festa de la Patrona de Catalunya. Aix\u00ed ho va fer un bon grup de confrares i devots de la Patrona, encap\u00e7alats pel consiliari de la Confraria&nbsp;Mn. Xavier&nbsp;Batiste, que sortiren de Lleida per participar en la Santa Muntana d&#8217;aquesta vetllada montserratina.<\/p>\n","protected":false},"excerpt":{"rendered":"<p>Celebraci\u00f3 de la Festa de la Mare de D\u00e9u de Montserrat Tot i la inclem\u00e8ncia climatol\u00f2gica de la jornada del&hellip;<\/p>\n","protected":false},"author":1,"featured_media":0,"comment_status":"closed","ping_status":"closed","sticky":false,"template":"","format":"standard","meta":{"ngg_post_thumbnail":0,"footnotes":""},"categories":[4],"tags":[],"_links":{"self":[{"href":"https:\/\/xn--confrariamarededudemontserratlleida-qdd.cat\/index.php\/wp-json\/wp\/v2\/posts\/129"}],"collection":[{"href":"https:\/\/xn--confrariamarededudemontserratlleida-qdd.cat\/index.php\/wp-json\/wp\/v2\/posts"}],"about":[{"href":"https:\/\/xn--confrariamarededudemontserratlleida-qdd.cat\/index.php\/wp-json\/wp\/v2\/types\/post"}],"author":[{"embeddable":true,"href":"https:\/\/xn--confrariamarededudemontserratlleida-qdd.cat\/index.php\/wp-json\/wp\/v2\/users\/1"}],"replies":[{"embeddable":true,"href":"https:\/\/xn--confrariamarededudemontserratlleida-qdd.cat\/index.php\/wp-json\/wp\/v2\/comments?post=129"}],"version-history":[{"count":2,"href":"https:\/\/xn--confrariamarededudemontserratlleida-qdd.cat\/index.php\/wp-json\/wp\/v2\/posts\/129\/revisions"}],"predecessor-version":[{"id":738,"href":"https:\/\/xn--confrariamarededudemontserratlleida-qdd.cat\/index.php\/wp-json\/wp\/v2\/posts\/129\/revisions\/738"}],"wp:attachment":[{"href":"https:\/\/xn--confrariamarededudemontserratlleida-qdd.cat\/index.php\/wp-json\/wp\/v2\/media?parent=129"}],"wp:term":[{"taxonomy":"category","embeddable":true,"href":"https:\/\/xn--confrariamarededudemontserratlleida-qdd.cat\/index.php\/wp-json\/wp\/v2\/categories?post=129"},{"taxonomy":"post_tag","embeddable":true,"href":"https:\/\/xn--confrariamarededudemontserratlleida-qdd.cat\/index.php\/wp-json\/wp\/v2\/tags?post=129"}],"curies":[{"name":"wp","href":"https:\/\/api.w.org\/{rel}","templated":true}]}}