{"id":124,"date":"2017-04-20T20:50:00","date_gmt":"2017-04-20T18:50:00","guid":{"rendered":"https:\/\/xn--confrariamarededudemontserratlleida-qdd.cat\/?p=124"},"modified":"2023-10-26T13:52:39","modified_gmt":"2023-10-26T11:52:39","slug":"la-confraria-de-la-mare-de-deu-de-montserrat-commemora-el-70-aniversari-de-la-romeria","status":"publish","type":"post","link":"https:\/\/xn--confrariamarededudemontserratlleida-qdd.cat\/index.php\/2017\/04\/20\/la-confraria-de-la-mare-de-deu-de-montserrat-commemora-el-70-aniversari-de-la-romeria\/","title":{"rendered":"La Confraria de la Mare de D\u00e9u de Montserrat commemora el 75 aniversari del Romiatge"},"content":{"rendered":"<div class=\"wp-block-image\">\n<figure class=\"aligncenter size-full is-resized\"><img loading=\"lazy\" decoding=\"async\" width=\"1024\" height=\"767\" src=\"https:\/\/xn--confrariamarededudemontserratlleida-qdd.cat\/wp-content\/uploads\/2023\/10\/romeries-montserrat-7-1.jpg\" alt=\"\" class=\"wp-image-127\" style=\"aspect-ratio:1.3350717079530638;width:471px;height:auto\" srcset=\"https:\/\/xn--confrariamarededudemontserratlleida-qdd.cat\/wp-content\/uploads\/2023\/10\/romeries-montserrat-7-1.jpg 1024w, https:\/\/xn--confrariamarededudemontserratlleida-qdd.cat\/wp-content\/uploads\/2023\/10\/romeries-montserrat-7-1-300x225.jpg 300w, https:\/\/xn--confrariamarededudemontserratlleida-qdd.cat\/wp-content\/uploads\/2023\/10\/romeries-montserrat-7-1-768x575.jpg 768w\" sizes=\"(max-width: 1024px) 100vw, 1024px\" \/><\/figure><\/div>\n\n\n<p>Publicat al web de l&#8217;<a href=\"https:\/\/www.academiamariana.com\/la-confraria-de-la-mare-de-deu-de-montserrat-commemora-el-70-aniversari-de-la-romeria\/\" data-type=\"link\" data-id=\"https:\/\/www.academiamariana.com\/la-confraria-de-la-mare-de-deu-de-montserrat-commemora-el-70-aniversari-de-la-romeria\/\">ACAD\u00c8MIA MARIANA <\/a>de Lleida<\/p>\n\n\n\n<p>La Confraria de la Mare de D\u00e9u de Montserrat de Lleida, ha celebrat la tarda del 20 d\u2019abril a l\u2019Acad\u00e8mia Mariana de Lleida, un acte commemoratiu del 70 aniversari de la Romeria de Lleida a Montserrat.&nbsp;<\/p>\n\n\n\n<p>L\u2019acte ha consistit en un col\u00b7loqui titulat:&nbsp;<em>\u201c70 anys de Romeries a Montserrat, records i viv\u00e8ncies\u201d,&nbsp;<\/em>que haestat moderat pel president de la Confraria Josep Estruch; amb la participaci\u00f3 dels fidels confrares i protagonistes d\u2019aquestes romeries lleidatanes a Montserrat: el consiliari de la Confraria,&nbsp; Mn. Xavier Batiste; la vicepresidenta, Teresina Llop i els membres de junta Maria Merc\u00e8 Garc\u00eda i Amadeu Bonet.&nbsp;<\/p>\n\n\n\n<p>Durant l\u2019acte s\u2019han projectat imatges antigues i actuals d\u2019aquest 70 anys d\u2019hist\u00f2ria de la Romeria de Lleida a Montserrat, que han fet reviure als assistents viv\u00e8ncia i records de les primeres i m\u00e9s hist\u00f2riques romeries fins la darrera de l\u2019any 2016. \u00c9s feu aix\u00ed mem\u00f2ria de com despr\u00e9s de la refundaci\u00f3 de la Confraria l\u2019any 1946, la primera Romeria a Montserrat fou per la Pasqua de Pentecosta, entre els dies 28 de maig i l\u20191 de juny de 1947 amb un total de 170 romeus. Des de llavors, cada any s\u2019ha anat repetint el pelegrinatge a Montserrat.<\/p>\n\n\n\n<p>Fins els anys seixanta calia agafar el tren a Lleida i en arribar a Monistrol acomodar-se al cremallera i tot resant el rosari i cantant can\u00e7ons pietoses s\u2019arribava a la pla\u00e7a del Monestir. Avui s\u2019ha facilitat molt l\u2019acc\u00e9s a l\u2019Abadia de Montserrat, el que ha fet incrementar de forma exponencial el nombre de romers. Montserrat ha estat sempre un lloc de peregrinacions, havent estat tamb\u00e9 un referent per a mils de milers de lleidatans que hi han pujat en Romeria durant aquest darrers 70 anys.&nbsp;<\/p>\n\n\n\n<p>L\u2019acte ha estat motiu alhora de recordan\u00e7a dels mossens que han estat fins l\u2019actualitat els consiliaris de la Confraria. El primer d\u2019ells i \u00e0nima de la refundaci\u00f3 de la Confraria el canonge Mn. Ramon Espasa, al qual substitu\u00ed el qui era aleshores vicari general de la di\u00f2cesi Mn. M\u00e0rius Rodrigo, tots dos ja traspassats&nbsp; i l\u2019actual Mn. Xavier Batiste, rector de Torres de Segre, que en la seva intervenci\u00f3 qualific\u00e0 a Montserrat \u201c\u2026com el nostre Sina\u00ed\u201d.&nbsp;<\/p>\n\n\n\n<p>Tanmateix va fer-se recordan\u00e7a de qui va ser president de la Confraria Joaquim Colell i Manel Garc\u00eda Sarramona, animadors de la Romeria durant molts anys.&nbsp;<\/p>\n\n\n\n<p>La commemoraci\u00f3 d\u2019aquest 70 aniversari, tindr\u00e0 continu\u00eftat el divendres 19 de maig, a 2\/4 de 8 de la tarda a l\u2019Aula Magna de l\u2019Institut d\u2019Estudis Ilerdencs amb una taula rodona&nbsp; intitulada&nbsp;<a href=\"http:\/\/www.lleidaparticipa.cat\/\/index_web.php?ap=czo4OiJub3RpY2llcyI7&amp;idw=czozOiI2MTgiOw==&amp;idi=czozOiJjYXQiOw==&amp;idn=42f67ee6edf8958816e38b124609c38f\" target=\"_blank\" rel=\"noreferrer noopener\">\u201cRomeria. Cam\u00ed cap a on i per a qu\u00e8?\u201d<\/a>, a c\u00e0rrec de Mn. Ramon Prat, director de l\u2019IREL i el P. Joan M\u00aa Mayol, rector del monestir de Montserrat i responsable de Romeries.&nbsp;<\/p>\n\n\n\n<p><a href=\"http:\/\/www.lleidaparticipa.cat\/\/index_web.php?ap=czo4OiJub3RpY2llcyI7&amp;idw=czozOiI2MTgiOw==&amp;idi=czozOiJjYXQiOw==&amp;idn=bf0149452319a62ff1b3ed850f5ed722\" target=\"_blank\" rel=\"noreferrer noopener\">La&nbsp;<\/a><strong><a href=\"http:\/\/www.lleidaparticipa.cat\/\/index_web.php?ap=czo4OiJub3RpY2llcyI7&amp;idw=czozOiI2MTgiOw==&amp;idi=czozOiJjYXQiOw==&amp;idn=bf0149452319a62ff1b3ed850f5ed722\" target=\"_blank\" rel=\"noreferrer noopener\">70 Romeria a Montserrat<\/a><\/strong>&nbsp;amb un car\u00e0cter extraordinari i commemoratiu, est\u00e0 prevista enguany pels dies 7 al 14 de juliol.&nbsp;<\/p>\n\n\n\n<p><strong>Jordi Curc\u00f3<\/strong><\/p>\n\n\n\n<figure class=\"wp-block-image\"><img decoding=\"async\" src=\"http:\/\/www.academiamariana.com\/wp-content\/uploads\/2023\/09\/romeries-montserrat-6.jpg\" alt=\"\"\/><\/figure>\n\n\n\n<figure class=\"wp-block-image\"><img decoding=\"async\" src=\"http:\/\/www.academiamariana.com\/wp-content\/uploads\/2023\/09\/romeries-montserrat-2.jpg\" alt=\"\"\/><\/figure>\n\n\n\n<figure class=\"wp-block-image\"><img decoding=\"async\" src=\"http:\/\/www.academiamariana.com\/wp-content\/uploads\/2023\/09\/moreneta-70-anys-1000-1.jpg\" alt=\"\"\/><\/figure>\n\n\n\n<ul><\/ul>\n","protected":false},"excerpt":{"rendered":"<p>Publicat al web de l&#8217;ACAD\u00c8MIA MARIANA de Lleida La Confraria de la Mare de D\u00e9u de Montserrat de Lleida, ha&hellip;<\/p>\n","protected":false},"author":1,"featured_media":0,"comment_status":"closed","ping_status":"closed","sticky":false,"template":"","format":"standard","meta":{"ngg_post_thumbnail":0,"footnotes":""},"categories":[4],"tags":[],"_links":{"self":[{"href":"https:\/\/xn--confrariamarededudemontserratlleida-qdd.cat\/index.php\/wp-json\/wp\/v2\/posts\/124"}],"collection":[{"href":"https:\/\/xn--confrariamarededudemontserratlleida-qdd.cat\/index.php\/wp-json\/wp\/v2\/posts"}],"about":[{"href":"https:\/\/xn--confrariamarededudemontserratlleida-qdd.cat\/index.php\/wp-json\/wp\/v2\/types\/post"}],"author":[{"embeddable":true,"href":"https:\/\/xn--confrariamarededudemontserratlleida-qdd.cat\/index.php\/wp-json\/wp\/v2\/users\/1"}],"replies":[{"embeddable":true,"href":"https:\/\/xn--confrariamarededudemontserratlleida-qdd.cat\/index.php\/wp-json\/wp\/v2\/comments?post=124"}],"version-history":[{"count":4,"href":"https:\/\/xn--confrariamarededudemontserratlleida-qdd.cat\/index.php\/wp-json\/wp\/v2\/posts\/124\/revisions"}],"predecessor-version":[{"id":742,"href":"https:\/\/xn--confrariamarededudemontserratlleida-qdd.cat\/index.php\/wp-json\/wp\/v2\/posts\/124\/revisions\/742"}],"wp:attachment":[{"href":"https:\/\/xn--confrariamarededudemontserratlleida-qdd.cat\/index.php\/wp-json\/wp\/v2\/media?parent=124"}],"wp:term":[{"taxonomy":"category","embeddable":true,"href":"https:\/\/xn--confrariamarededudemontserratlleida-qdd.cat\/index.php\/wp-json\/wp\/v2\/categories?post=124"},{"taxonomy":"post_tag","embeddable":true,"href":"https:\/\/xn--confrariamarededudemontserratlleida-qdd.cat\/index.php\/wp-json\/wp\/v2\/tags?post=124"}],"curies":[{"name":"wp","href":"https:\/\/api.w.org\/{rel}","templated":true}]}}