{"id":1180,"date":"2024-06-19T10:00:30","date_gmt":"2024-06-19T08:00:30","guid":{"rendered":"https:\/\/xn--confrariamarededudemontserratlleida-qdd.cat\/?p=1180"},"modified":"2024-08-26T19:42:11","modified_gmt":"2024-08-26T17:42:11","slug":"2024-inauguracio-de-la-restauracio-de-laltar-de-la-mare-de-deu-de-montserrat-de-la-catedral-que-recupera-el-seu-antic-esplendor","status":"publish","type":"post","link":"https:\/\/xn--confrariamarededudemontserratlleida-qdd.cat\/index.php\/2024\/06\/19\/2024-inauguracio-de-la-restauracio-de-laltar-de-la-mare-de-deu-de-montserrat-de-la-catedral-que-recupera-el-seu-antic-esplendor\/","title":{"rendered":"2024 &#8211; INAUGURACI\u00d3 DE LA RESTAURACI\u00d3 DE L\u2019ALTAR DE LA MARE DE D\u00c9U DE MONTSERRAT DE LA CATEDRAL QUE RECUPERA EL SEU ANTIC ESPLENDOR"},"content":{"rendered":"<p style=\"text-align: justify;\"><span style=\"font-size: 14pt; font-family: 'times new roman', times, serif;\"><em><img loading=\"lazy\" decoding=\"async\" class=\" wp-image-1243 alignleft\" src=\"https:\/\/xn--confrariamarededudemontserratlleida-qdd.cat\/wp-content\/uploads\/2024\/06\/IMG_20240616_131058Min--300x138.jpg\" alt=\"\" width=\"422\" height=\"194\" srcset=\"https:\/\/xn--confrariamarededudemontserratlleida-qdd.cat\/wp-content\/uploads\/2024\/06\/IMG_20240616_131058Min--300x138.jpg 300w, https:\/\/xn--confrariamarededudemontserratlleida-qdd.cat\/wp-content\/uploads\/2024\/06\/IMG_20240616_131058Min--1024x472.jpg 1024w, https:\/\/xn--confrariamarededudemontserratlleida-qdd.cat\/wp-content\/uploads\/2024\/06\/IMG_20240616_131058Min--768x354.jpg 768w, https:\/\/xn--confrariamarededudemontserratlleida-qdd.cat\/wp-content\/uploads\/2024\/06\/IMG_20240616_131058Min--1536x708.jpg 1536w, https:\/\/xn--confrariamarededudemontserratlleida-qdd.cat\/wp-content\/uploads\/2024\/06\/IMG_20240616_131058Min--2048x944.jpg 2048w\" sizes=\"(max-width: 422px) 100vw, 422px\" \/><\/em><\/span><\/p>\n<p style=\"text-align: justify;\"><span style=\"font-size: 14pt; font-family: 'times new roman', times, serif;\"><em>\u201cQuina meravella, magn\u00edfic, preci\u00f3s&#8230;.\u201d,<\/em> foren algunes de les expressions que els fidels i devots de la Moreneta van manifestar al contemplar per primera vegada el resultat de la restauraci\u00f3 de l\u2019altar de la Mare de D\u00e9u de Montserrat de la Catedral de Lleida, que va ser inaugurat el migdia d\u2019aquest diumenge 16 de juny, recuperant aix\u00ed el seu antic esplendor<\/span><\/p>\n<p style=\"text-align: justify;\"><span style=\"font-size: 14pt; font-family: 'times new roman', times, serif;\">El bisbe de Lleida Mons. Salvador Gim\u00e9nez Valls, acompanyat pel monjo de Montserrat i rector de la bas\u00edlica el P. Joan M. Mayol, presid\u00ed l\u2019Eucaristia, solemnitzada pel Petit Cor de la catedral. Els primers bancs del temple van ser ocupats pel president de la Confraria Josep Estruch, amb la seva Junta directiva, satisfeta de l\u2019obra feta. Fins i tot la Paeria va sumar-se a la inauguraci\u00f3 amb quatre regidores, Jordina Freixanet, d\u2019ERC; Violant Cervera i Neus Caufap\u00e9&nbsp; i Maria Antoni maller, del PP.<\/span><\/p>\n<h2 style=\"text-align: justify;\"><span style=\"font-size: 14pt; font-family: 'times new roman', times, serif;\"><strong>No podien faltar a l\u2019acte inaugural els restauradors, Jos\u00e9 A. Ferrer i Llu\u00eds Capdevila, que despr\u00e9s de 45 dies de treball gaireb\u00e9 ininterromput, tot i que encara falta algun petit detall per donar la restauraci\u00f3 acabada en la seva totalitat, van assistir a la celebraci\u00f3 amb la feina feta: <em>\u201cEstem molt contents, per nosaltres ha estat un dels treballs m\u00e9s importants tant per les dimensions del retaule, gaireb\u00e9 10 metres d\u2019al\u00e7ada, com per la seva import\u00e0ncia art\u00edstica, ja que es tracta d\u2019una obra d\u2019art sense parang\u00f3. El project\u00e0 l\u2019arquitecte Llu\u00eds Dom\u00e8nech l\u2019any 1955 i en ell &nbsp;hi van treballar els millors artistes d\u2019aquells anys, com el tallista Ramon Borr\u00e0s, que el tall\u00e0 amb fusta de pi; l\u2019artes\u00e0 Lluci\u00e0 Oliva,&nbsp; que el daurar\u00e0 i Vilar\u00f3 i Valls, que decor\u00e0 els plafons. Nosaltres l\u2019hem recuperat netejant-lo tot respectant la policromia original\u201d.<\/em><\/strong><\/span><\/h2>\n<p style=\"text-align: justify;\"><span style=\"font-size: 14pt; font-family: 'times new roman', times, serif;\">El monjo de Montserrat Joan M. Mayol en la seva homilia, referint-se a l\u2019altar restaurat, digu\u00e9: \u201c:..<em>la confraria de la MdD de Montserrat de Lleida ha creat per mitj\u00e0 de la bellesa un espai de proximitat, com una pla\u00e7a major i la bellesa porta sempre a l\u2019admiraci\u00f3, que desvetlla la lloan\u00e7a l\u2019amor corresp\u00f2s\u201d. <\/em><\/span><\/p>\n<p style=\"text-align: justify;\"><span style=\"font-size: 14pt; font-family: 'times new roman', times, serif;\">Abans de cloure la celebraci\u00f3, el P. Mayol lliur\u00e0 al bisbe de Lleida la medalla commemorativa del 800 aniversari de la Confraria de Montserrat. Tot el president de la Confraria Josep Estruch va tenir paraules d\u2019agra\u00efment per tots els que han fet possible la restauraci\u00f3, molt especialment als confrares, devots: <em>\u201c&#8230;i tanta gent que amb les seves aportacions ens han ajudat a poder dur a terme aquesta obra ingent en honor de la patrona de Catalunya\u201d.<\/em><\/span><\/p>\n<p style=\"text-align: justify;\"><span style=\"font-size: 14pt; font-family: 'times new roman', times, serif;\">Finalment, el bisbe i concelebrants, les regidores i el president amb la junta de la confraria i fidels van dirigir-se fins l\u2019altar de la patrona on es cant\u00e0 el Virol\u00e0 i es puj\u00e0 per primera vegada des de la restauraci\u00f3 al cambril de la Moreneta per venerar la seves imatge, tamb\u00e9 restaurada i que llu\u00efa com mai.<\/span><\/p>\nngg_shortcode_0_placeholder\n<p style=\"text-align: center;\"><span style=\"font-size: 30pt;\">Videos d&#8217;en Cosme Garc\u00eda<\/span><\/p>\n<p><iframe loading=\"lazy\" title=\"Inauguraci\u00f3 Sr. Bisbe\" width=\"640\" height=\"360\" src=\"https:\/\/www.youtube.com\/embed\/8vp6DdLuICk?feature=oembed\" frameborder=\"0\" allow=\"accelerometer; autoplay; clipboard-write; encrypted-media; gyroscope; picture-in-picture; web-share\" referrerpolicy=\"strict-origin-when-cross-origin\" allowfullscreen><\/iframe><\/p>\n<p><iframe loading=\"lazy\" title=\"Entrevista al restaurador Ferrer\" width=\"640\" height=\"360\" src=\"https:\/\/www.youtube.com\/embed\/rux0cxwxM_A?feature=oembed\" frameborder=\"0\" allow=\"accelerometer; autoplay; clipboard-write; encrypted-media; gyroscope; picture-in-picture; web-share\" referrerpolicy=\"strict-origin-when-cross-origin\" allowfullscreen><\/iframe><\/p>\n<p><iframe loading=\"lazy\" title=\"Entrevista al pare Maiol de Montserrat\" width=\"640\" height=\"360\" src=\"https:\/\/www.youtube.com\/embed\/eRAFXA-w0ys?feature=oembed\" frameborder=\"0\" allow=\"accelerometer; autoplay; clipboard-write; encrypted-media; gyroscope; picture-in-picture; web-share\" referrerpolicy=\"strict-origin-when-cross-origin\" allowfullscreen><\/iframe><\/p>\n<p>&nbsp;<\/p>\n<p>&nbsp;<\/p>\n<p style=\"text-align: center;\"><strong><span style=\"font-size: 30pt;\">Altres v\u00eddeos<\/span><\/strong><\/p>\n<p><iframe loading=\"lazy\" title=\"Discursos Pare Maiol i Sr. Bisbe\" width=\"640\" height=\"360\" src=\"https:\/\/www.youtube.com\/embed\/2I87U9EC8xc?feature=oembed\" frameborder=\"0\" allow=\"accelerometer; autoplay; clipboard-write; encrypted-media; gyroscope; picture-in-picture; web-share\" referrerpolicy=\"strict-origin-when-cross-origin\" allowfullscreen><\/iframe><\/p>\n<p><iframe loading=\"lazy\" title=\"Inauguraci\u00f3 1\" width=\"640\" height=\"360\" src=\"https:\/\/www.youtube.com\/embed\/mVj_bZRcN0M?feature=oembed\" frameborder=\"0\" allow=\"accelerometer; autoplay; clipboard-write; encrypted-media; gyroscope; picture-in-picture; web-share\" referrerpolicy=\"strict-origin-when-cross-origin\" allowfullscreen><\/iframe><\/p>\n<p><iframe loading=\"lazy\" title=\"Benedicci\u00f3 altar\" width=\"640\" height=\"360\" src=\"https:\/\/www.youtube.com\/embed\/b2WKGqsGegs?feature=oembed\" frameborder=\"0\" allow=\"accelerometer; autoplay; clipboard-write; encrypted-media; gyroscope; picture-in-picture; web-share\" referrerpolicy=\"strict-origin-when-cross-origin\" allowfullscreen><\/iframe><\/p>\n","protected":false},"excerpt":{"rendered":"<p>\u201cQuina meravella, magn\u00edfic, preci\u00f3s&#8230;.\u201d, foren algunes de les expressions que els fidels i devots de la Moreneta van manifestar al&hellip;<\/p>\n","protected":false},"author":1,"featured_media":1283,"comment_status":"closed","ping_status":"closed","sticky":false,"template":"","format":"standard","meta":{"ngg_post_thumbnail":0,"footnotes":""},"categories":[4],"tags":[],"_links":{"self":[{"href":"https:\/\/xn--confrariamarededudemontserratlleida-qdd.cat\/index.php\/wp-json\/wp\/v2\/posts\/1180"}],"collection":[{"href":"https:\/\/xn--confrariamarededudemontserratlleida-qdd.cat\/index.php\/wp-json\/wp\/v2\/posts"}],"about":[{"href":"https:\/\/xn--confrariamarededudemontserratlleida-qdd.cat\/index.php\/wp-json\/wp\/v2\/types\/post"}],"author":[{"embeddable":true,"href":"https:\/\/xn--confrariamarededudemontserratlleida-qdd.cat\/index.php\/wp-json\/wp\/v2\/users\/1"}],"replies":[{"embeddable":true,"href":"https:\/\/xn--confrariamarededudemontserratlleida-qdd.cat\/index.php\/wp-json\/wp\/v2\/comments?post=1180"}],"version-history":[{"count":12,"href":"https:\/\/xn--confrariamarededudemontserratlleida-qdd.cat\/index.php\/wp-json\/wp\/v2\/posts\/1180\/revisions"}],"predecessor-version":[{"id":1259,"href":"https:\/\/xn--confrariamarededudemontserratlleida-qdd.cat\/index.php\/wp-json\/wp\/v2\/posts\/1180\/revisions\/1259"}],"wp:featuredmedia":[{"embeddable":true,"href":"https:\/\/xn--confrariamarededudemontserratlleida-qdd.cat\/index.php\/wp-json\/wp\/v2\/media\/1283"}],"wp:attachment":[{"href":"https:\/\/xn--confrariamarededudemontserratlleida-qdd.cat\/index.php\/wp-json\/wp\/v2\/media?parent=1180"}],"wp:term":[{"taxonomy":"category","embeddable":true,"href":"https:\/\/xn--confrariamarededudemontserratlleida-qdd.cat\/index.php\/wp-json\/wp\/v2\/categories?post=1180"},{"taxonomy":"post_tag","embeddable":true,"href":"https:\/\/xn--confrariamarededudemontserratlleida-qdd.cat\/index.php\/wp-json\/wp\/v2\/tags?post=1180"}],"curies":[{"name":"wp","href":"https:\/\/api.w.org\/{rel}","templated":true}]}}