{"id":117,"date":"2022-09-13T20:40:00","date_gmt":"2022-09-13T18:40:00","guid":{"rendered":"https:\/\/xn--confrariamarededudemontserratlleida-qdd.cat\/?p=117"},"modified":"2023-10-26T13:43:31","modified_gmt":"2023-10-26T11:43:31","slug":"lleida-celebra-els-75-anys-de-lentronitzacio-de-la-moreneta","status":"publish","type":"post","link":"https:\/\/xn--confrariamarededudemontserratlleida-qdd.cat\/index.php\/2022\/09\/13\/lleida-celebra-els-75-anys-de-lentronitzacio-de-la-moreneta\/","title":{"rendered":"Lleida celebra els 75 anys de l&#8217;Entronitzaci\u00f3 de la Moreneta"},"content":{"rendered":"<div class=\"wp-block-image\">\n<figure class=\"aligncenter size-full is-resized\"><img loading=\"lazy\" decoding=\"async\" width=\"426\" height=\"640\" src=\"https:\/\/xn--confrariamarededudemontserratlleida-qdd.cat\/wp-content\/uploads\/2023\/10\/engtronitzacio-2023.jpg\" alt=\"\" class=\"wp-image-120\" style=\"aspect-ratio:0.665625;width:154px;height:auto\" srcset=\"https:\/\/xn--confrariamarededudemontserratlleida-qdd.cat\/wp-content\/uploads\/2023\/10\/engtronitzacio-2023.jpg 426w, https:\/\/xn--confrariamarededudemontserratlleida-qdd.cat\/wp-content\/uploads\/2023\/10\/engtronitzacio-2023-200x300.jpg 200w\" sizes=\"(max-width: 426px) 100vw, 426px\" \/><\/figure><\/div>\n\n\n<p>Publicat a <a href=\"https:\/\/totlleida.cat\/75e-aniversari-de-lentronitzacio-de-la-moreneta-tambe-a-lleida\/\" data-type=\"link\" data-id=\"https:\/\/totlleida.cat\/75e-aniversari-de-lentronitzacio-de-la-moreneta-tambe-a-lleida\/\">TOT LLEIDA.CAT<\/a> il web de la <a href=\"https:\/\/www.upcarmesantjoan.com\/lleida-celebra-els-75-anys-de-lentronitzacio-de-la-moreneta\/\" data-type=\"link\" data-id=\"https:\/\/www.upcarmesantjoan.com\/lleida-celebra-els-75-anys-de-lentronitzacio-de-la-moreneta\/\">Uninat Pastoral El Carme-Sant Joan<\/a><\/p>\n\n\n\n<p>La Confraria de la Mare de D\u00e9u de Montserrat de Lleida ha commemorat aquesta tarda a la Catedral el 75\u00e8 aniversari de l\u2019entronitzaci\u00f3 de la Moreneta al seu tron de Montserrat. La celebraci\u00f3 ha consistit en una Eucaristia, presidida pel bisbe de Lleida, Salvador Gim\u00e9nez, concelebrada pel consiliari de la Confraria, moss\u00e8n Josep M. Escorihuela i el&nbsp; monjo Joan M. Mayol, director de la Confraria de Montserrat i rector del santuari. El Petit Cor de la Catedral de Lleida&nbsp; ha solemnitzat la cerim\u00f2nia.<\/p>\n\n\n\n<p>La imatge de la Moreneta, venerada durant l\u2019any al cambril de l\u2019altar de la Confraria, ha estat traslladada a l\u2019altar major de la Catedral, per a ser retornada tot just acabada la celebraci\u00f3 en una process\u00f3 per l\u2019interior del temple fins la seva capella, portada per confrares de Montserrat i membres de l\u2019Hospitalitat de la Mare de D\u00e9u de Lourdes. Com ja \u00e9s tradici\u00f3, el cant del Virolai i la recitaci\u00f3 de l\u2019oraci\u00f3 del 75\u00e8 aniversari han clos una celebraci\u00f3 que serveix per renovar la devoci\u00f3 de Lleida a la Patrona de Catalunya.<\/p>\n\n\n\n<p><strong>&nbsp;75\u00e8 ANIVERSARI DE L\u2019ENTRONITZACI\u00d3 DE LA MORENETA, TAMB\u00c9 A LLEIDA<\/strong><\/p>\n\n\n\n<p>Un dels esdeveniments montserratins m\u00e9s importants del segle XX, sens dubte, va ser l\u2019Entronitzaci\u00f3 de la Mare de D\u00e9u de Montserrat en un nou tron. El 27 d\u2019abril de 1947 la imatge de la Mare de D\u00e9u de Montserrat fou col\u00b7locada al seu setial, on encara avui la podem venerar. Una \u00e0mplia campanya popular ho havia fet possible. Fou una diada memorable, a la qual milers i milers de catalans donaren significat a una esperan\u00e7ada represa de tantes coses que havien quedat estroncades per l\u2019esclat de la Guerra Civil de 1936 i per les seves tr\u00e0giques conseq\u00fc\u00e8ncies, tant durant els anys mateixos de la guerra com durant els primers temps de la postguerra.<\/p>\n\n\n\n<p>La idea de construir un nou tron a la imatge de la Moreneta cristal\u00b7litz\u00e0 durant l\u2019any jubilar montserrat\u00ed de 1944. La imatge havia estat despullada dels seus vestits que se li havien sobreposat des de la restauraci\u00f3 del culte i que ocultaven la seva graciosa escultura, i fou presentada amb tota la seva original bellesa a la veneraci\u00f3 dels fidels, que ignoraven que es tractava d\u2019una talla rom\u00e0nica de fusta, bellament decorada i policromada. A l\u2019oferir-la amb tot el seu encant a la vista dels seus devots es vei\u00e9 la necessitat de protegir-la i donar-li un prestatge digne. Tot aix\u00f2 s\u2019aconseguir\u00e0 amb el nou tron que, per l\u2019aportaci\u00f3 generosa i l\u2019amor de tots els amants de la Verge Bruna i de la labor dels millors artistes del nostre pa\u00eds, fou ofert a la Verge el 27 d\u2019abril, festivitat de la Mare de D\u00e9u.<\/p>\n\n\n\n<p>Per tant, Montserrat celebra, durant tot aquest any, el 75\u00e8 aniversari de l\u2019entronitzaci\u00f3 i ho ha volgut fer conjuntament amb els bisbes catalans acordant celebracions en totes les catedrals catalanes, sota el lema \u201cAl voltant de Santa Maria amb els nostres bisbes\u201d.<\/p>\n\n\n\n<p>Aquesta celebraci\u00f3, que \u00e9s una acci\u00f3 de gr\u00e0cies a D\u00e9u, esdev\u00e9 tamb\u00e9 un record agra\u00eft i un homenatge merescut a tota una generaci\u00f3 que, tenint Montserrat com a s\u00edmbol de fe i de pa\u00eds, ens ensenya a treballar el present mirant el futur amb esperan\u00e7a.<\/p>\n\n\n\n<p>A la catedral de Lleida, el passat dia 10 de setembre, es va commemorar aquest esdeveniment amb una Eucaristia presidida per Mons. Salvador Gim\u00e9nez, bisbe de Lleida, concelebrada pel rector del santuari i director de la Confraria de Montserrat, pare Joan M. Mayol, juntament amb el consiliari de la Confraria de Lleida, Josep M. Escorihuela i altres sacerdots diocesans. El Petit Cor de la Catedral de Lleida va solemnitzat la cerim\u00f2nia.<\/p>\n\n\n\n<p>\u00c9s per tot aix\u00f2 que la Junta de la Confraria vol agrair la participaci\u00f3 als actes programats, que ens van convertir, una vegada m\u00e9s, en una ciutat montserratina capdavantera al nostra pa\u00eds. Per tots aquests motius, ens cal donar les gr\u00e0cies al bisbe Salvador Gim\u00e9nez, al pare Joan M. Mayol, a tots els concelebrants, a la regidora de la Paeria, Maria Ant\u00f2nia Maller, al Petit Cor de la Catedral i tamb\u00e9 als confrares i a tots els devots de la Mare de D\u00e9u de Montserrat. Finalment, volem mostrar el nostre agra\u00efment a l\u2019Hospitalitat de la Mare de D\u00e9u de Lourdes per la seva destacada participaci\u00f3 en aquests actes commemoratius. Tots ells van aconseguir que aquesta celebraci\u00f3 es convert\u00eds en una llu\u00efda festa. Moltes gr\u00e0cies!!!<\/p>\n\n\n\n<p><strong>Josep Estruch, President de la Confraria de la Mare de D\u00e9u de Montserrat<\/strong><\/p>\n\n\n\n<p><strong><em>Fotos: Jordi G\u00f3mez Pay\u00e0<\/em><\/strong><\/p>\n\n\n\n<figure class=\"wp-block-image\"><img decoding=\"async\" src=\"https:\/\/www.upcarmesantjoan.com\/wp-content\/uploads\/2023\/07\/75-entronitzacio-montserrat-4.jpg\" alt=\"\"\/><\/figure>\n\n\n\n<figure class=\"wp-block-image\"><img decoding=\"async\" src=\"https:\/\/www.upcarmesantjoan.com\/wp-content\/uploads\/2023\/07\/75-entronitzacio-montserrat-7.jpg\" alt=\"\"\/><\/figure>\n\n\n\n<figure class=\"wp-block-image\"><img decoding=\"async\" src=\"https:\/\/www.upcarmesantjoan.com\/wp-content\/uploads\/2023\/07\/75-entronitzacio-montserrat-6.jpg\" alt=\"\"\/><\/figure>\n\n\n\n<figure class=\"wp-block-image\"><img decoding=\"async\" src=\"https:\/\/www.upcarmesantjoan.com\/wp-content\/uploads\/2023\/07\/75-entronitzacio-montserrat-9.jpg\" alt=\"\"\/><\/figure>\n\n\n\n<figure class=\"wp-block-image\"><img decoding=\"async\" src=\"https:\/\/www.upcarmesantjoan.com\/wp-content\/uploads\/2023\/07\/75-entronitzacio-montserrat-10.jpg\" alt=\"\"\/><\/figure>\n\n\n\n<figure class=\"wp-block-image\"><img decoding=\"async\" src=\"https:\/\/www.upcarmesantjoan.com\/wp-content\/uploads\/2023\/07\/75-entronitzacio-montserrat-5.jpg\" alt=\"\"\/><\/figure>\n\n\n\n<figure class=\"wp-block-image\"><img decoding=\"async\" src=\"https:\/\/www.upcarmesantjoan.com\/wp-content\/uploads\/2023\/07\/75-entronitzacio-montserrat-8.jpg\" alt=\"\"\/><\/figure>\n\n\n\n<figure class=\"wp-block-image\"><img decoding=\"async\" src=\"https:\/\/www.upcarmesantjoan.com\/wp-content\/uploads\/2023\/07\/75-entronitzacio-montserrat-2.jpg\" alt=\"\"\/><\/figure>\n\n\n<div class=\"wp-block-image\">\n<figure class=\"aligncenter\"><img decoding=\"async\" src=\"https:\/\/www.upcarmesantjoan.com\/wp-content\/uploads\/2023\/07\/MONTSERRAT.jpg\" alt=\"\"\/><\/figure><\/div>","protected":false},"excerpt":{"rendered":"<p>Publicat a TOT LLEIDA.CAT il web de la Uninat Pastoral El Carme-Sant Joan La Confraria de la Mare de D\u00e9u&hellip;<\/p>\n","protected":false},"author":1,"featured_media":0,"comment_status":"closed","ping_status":"closed","sticky":false,"template":"","format":"standard","meta":{"ngg_post_thumbnail":0,"footnotes":""},"categories":[4],"tags":[],"_links":{"self":[{"href":"https:\/\/xn--confrariamarededudemontserratlleida-qdd.cat\/index.php\/wp-json\/wp\/v2\/posts\/117"}],"collection":[{"href":"https:\/\/xn--confrariamarededudemontserratlleida-qdd.cat\/index.php\/wp-json\/wp\/v2\/posts"}],"about":[{"href":"https:\/\/xn--confrariamarededudemontserratlleida-qdd.cat\/index.php\/wp-json\/wp\/v2\/types\/post"}],"author":[{"embeddable":true,"href":"https:\/\/xn--confrariamarededudemontserratlleida-qdd.cat\/index.php\/wp-json\/wp\/v2\/users\/1"}],"replies":[{"embeddable":true,"href":"https:\/\/xn--confrariamarededudemontserratlleida-qdd.cat\/index.php\/wp-json\/wp\/v2\/comments?post=117"}],"version-history":[{"count":8,"href":"https:\/\/xn--confrariamarededudemontserratlleida-qdd.cat\/index.php\/wp-json\/wp\/v2\/posts\/117\/revisions"}],"predecessor-version":[{"id":735,"href":"https:\/\/xn--confrariamarededudemontserratlleida-qdd.cat\/index.php\/wp-json\/wp\/v2\/posts\/117\/revisions\/735"}],"wp:attachment":[{"href":"https:\/\/xn--confrariamarededudemontserratlleida-qdd.cat\/index.php\/wp-json\/wp\/v2\/media?parent=117"}],"wp:term":[{"taxonomy":"category","embeddable":true,"href":"https:\/\/xn--confrariamarededudemontserratlleida-qdd.cat\/index.php\/wp-json\/wp\/v2\/categories?post=117"},{"taxonomy":"post_tag","embeddable":true,"href":"https:\/\/xn--confrariamarededudemontserratlleida-qdd.cat\/index.php\/wp-json\/wp\/v2\/tags?post=117"}],"curies":[{"name":"wp","href":"https:\/\/api.w.org\/{rel}","templated":true}]}}