{"id":1161,"date":"2024-06-13T11:16:36","date_gmt":"2024-06-13T09:16:36","guid":{"rendered":"https:\/\/xn--confrariamarededudemontserratlleida-qdd.cat\/?p=1161"},"modified":"2024-06-13T11:31:32","modified_gmt":"2024-06-13T09:31:32","slug":"2024-inauguracio-de-laltar-restaurat-a-la-catedral-de-lleida","status":"publish","type":"post","link":"https:\/\/xn--confrariamarededudemontserratlleida-qdd.cat\/index.php\/2024\/06\/13\/2024-inauguracio-de-laltar-restaurat-a-la-catedral-de-lleida\/","title":{"rendered":"2024 &#8211; Inauguraci\u00f3 de l&#8217;Altar restaurat a la Catedral de Lleida"},"content":{"rendered":"<p style=\"text-align: justify;\">El<img loading=\"lazy\" decoding=\"async\" class=\" wp-image-1163 alignleft\" src=\"https:\/\/xn--confrariamarededudemontserratlleida-qdd.cat\/wp-content\/uploads\/2024\/06\/448171561_876733047817175_9047416697900388533_n-300x225.jpg\" alt=\"\" width=\"389\" height=\"292\" srcset=\"https:\/\/xn--confrariamarededudemontserratlleida-qdd.cat\/wp-content\/uploads\/2024\/06\/448171561_876733047817175_9047416697900388533_n-300x225.jpg 300w, https:\/\/xn--confrariamarededudemontserratlleida-qdd.cat\/wp-content\/uploads\/2024\/06\/448171561_876733047817175_9047416697900388533_n-1024x768.jpg 1024w, https:\/\/xn--confrariamarededudemontserratlleida-qdd.cat\/wp-content\/uploads\/2024\/06\/448171561_876733047817175_9047416697900388533_n-768x576.jpg 768w, https:\/\/xn--confrariamarededudemontserratlleida-qdd.cat\/wp-content\/uploads\/2024\/06\/448171561_876733047817175_9047416697900388533_n-1536x1152.jpg 1536w, https:\/\/xn--confrariamarededudemontserratlleida-qdd.cat\/wp-content\/uploads\/2024\/06\/448171561_876733047817175_9047416697900388533_n.jpg 1600w\" sizes=\"(max-width: 389px) 100vw, 389px\" \/>&nbsp;diumenge&nbsp;16 de juny s\u2019inaugurar\u00e0 i es beneir\u00e0 la restauraci\u00f3 de l\u2019altar de la Mare de D\u00e9u de Montserrat de la catedral de Lleida, amb la celebraci\u00f3 d\u2019una eucaristia presidida pel bisbe Salvador i concelebrada pel monjo de Montserrat, rector del santuari i director de la Confraria de Montserrat, P. Joan M. Mayol. Aquest mat\u00ed s\u2019ha presentat el resultat dels treballs de restauraci\u00f3 duts a terme al llarg del mes de maig, a c\u00e0rrec dels artistes Jos\u00e9 A. Ferrer i Llu\u00eds Capdevila, que encara continuaran fent feina en els propers dies per culminar del tot la&nbsp;tasca.<\/p>\n<p style=\"text-align: justify;\">L\u2019altar de la Patrona, va ser inaugurat el 28 de setembre de 1955. Gaireb\u00e9 70 anys despr\u00e9s, la Confraria va endegar la seva restauraci\u00f3 per reparar alguns desperfectes detectats en la policromia de l\u2019altar, per eliminar la brut\u00edcia acumulada pel pas dels anys, aix\u00ed com pels corcs que s\u2019havien localitzat en algunes parts de la fusta.<br \/>\nLa restauraci\u00f3 s\u2019ha tirat endavant a trav\u00e9s d\u2019una campanya entre els confrares i devots de la Moreneta, institucions i ciutadans a fi i efecte de recaptar els diners necessaris per fer front al pressupost de la restauraci\u00f3, de poc m\u00e9s de 22.000 euros. Els restauradors han explicat la seva satisfacci\u00f3 pel resultat de l\u2019obra: \u201cHem trobat la capella en millor estat del que semblava, tot i que ha calgut actuar en algunes parts del retaule amb desperfectes a la fusta. Tot i que no estava massa afectada pels corcs, hi havia molt\u00edssima brut\u00edcia acumulada, ocasionada especialment pel fum dels ciris que l\u2019havien ennegrit i que impedia veure la seva policromia original\u201d.<\/p>\n<p style=\"text-align: justify;\">Tots dos restauradors han hagut&nbsp;de treballar amb una gran bastida a causa de les grans dimensions de l\u2019altar, de 10 metres d\u2019al\u00e7ada. D\u2019estil neocl\u00e0ssic, segons projecte de l\u2019arquitecte Llu\u00eds Dom\u00e8nech, est\u00e0 tot ell tallat amb fusta de pi pel tallista lleidat\u00e0 Ramon Borr\u00e0s Vilaplana i daurat per l\u2019artes\u00e0 Lluci\u00e0 Oliva. Aix\u00ed mateix el cambril acull la talla de la Mare de D\u00e9u de Montserrat, de l\u2019escultor Josep M. Camps i Arnau, amb plafons d\u2019estil modernista decorats per Vilar\u00f3 i Valls, amb unes pintures murals de Josep Obiols de l\u2019any 1960.&nbsp;<\/p>\n<p><img loading=\"lazy\" decoding=\"async\" class=\"alignnone size-medium wp-image-1162\" src=\"https:\/\/xn--confrariamarededudemontserratlleida-qdd.cat\/wp-content\/uploads\/2024\/06\/448112806_876733124483834_8659933214039480374_n-225x300.jpg\" alt=\"\" width=\"225\" height=\"300\" srcset=\"https:\/\/xn--confrariamarededudemontserratlleida-qdd.cat\/wp-content\/uploads\/2024\/06\/448112806_876733124483834_8659933214039480374_n-225x300.jpg 225w, https:\/\/xn--confrariamarededudemontserratlleida-qdd.cat\/wp-content\/uploads\/2024\/06\/448112806_876733124483834_8659933214039480374_n-768x1024.jpg 768w, https:\/\/xn--confrariamarededudemontserratlleida-qdd.cat\/wp-content\/uploads\/2024\/06\/448112806_876733124483834_8659933214039480374_n-1152x1536.jpg 1152w, https:\/\/xn--confrariamarededudemontserratlleida-qdd.cat\/wp-content\/uploads\/2024\/06\/448112806_876733124483834_8659933214039480374_n.jpg 1200w\" sizes=\"(max-width: 225px) 100vw, 225px\" \/> &nbsp;<img loading=\"lazy\" decoding=\"async\" class=\"alignnone size-medium wp-image-1164\" src=\"https:\/\/xn--confrariamarededudemontserratlleida-qdd.cat\/wp-content\/uploads\/2024\/06\/448210922_876733381150475_1609648334022350154_n-300x225.jpg\" alt=\"\" width=\"300\" height=\"225\" srcset=\"https:\/\/xn--confrariamarededudemontserratlleida-qdd.cat\/wp-content\/uploads\/2024\/06\/448210922_876733381150475_1609648334022350154_n-300x225.jpg 300w, https:\/\/xn--confrariamarededudemontserratlleida-qdd.cat\/wp-content\/uploads\/2024\/06\/448210922_876733381150475_1609648334022350154_n-1024x768.jpg 1024w, https:\/\/xn--confrariamarededudemontserratlleida-qdd.cat\/wp-content\/uploads\/2024\/06\/448210922_876733381150475_1609648334022350154_n-768x576.jpg 768w, https:\/\/xn--confrariamarededudemontserratlleida-qdd.cat\/wp-content\/uploads\/2024\/06\/448210922_876733381150475_1609648334022350154_n-1536x1152.jpg 1536w, https:\/\/xn--confrariamarededudemontserratlleida-qdd.cat\/wp-content\/uploads\/2024\/06\/448210922_876733381150475_1609648334022350154_n.jpg 1600w\" sizes=\"(max-width: 300px) 100vw, 300px\" \/> <img loading=\"lazy\" decoding=\"async\" class=\"alignnone size-medium wp-image-1165\" src=\"https:\/\/xn--confrariamarededudemontserratlleida-qdd.cat\/wp-content\/uploads\/2024\/06\/448223655_876733087817171_1200005618646236563_n-300x225.jpg\" alt=\"\" width=\"300\" height=\"225\" srcset=\"https:\/\/xn--confrariamarededudemontserratlleida-qdd.cat\/wp-content\/uploads\/2024\/06\/448223655_876733087817171_1200005618646236563_n-300x225.jpg 300w, https:\/\/xn--confrariamarededudemontserratlleida-qdd.cat\/wp-content\/uploads\/2024\/06\/448223655_876733087817171_1200005618646236563_n-1024x768.jpg 1024w, https:\/\/xn--confrariamarededudemontserratlleida-qdd.cat\/wp-content\/uploads\/2024\/06\/448223655_876733087817171_1200005618646236563_n-768x576.jpg 768w, https:\/\/xn--confrariamarededudemontserratlleida-qdd.cat\/wp-content\/uploads\/2024\/06\/448223655_876733087817171_1200005618646236563_n-1536x1152.jpg 1536w, https:\/\/xn--confrariamarededudemontserratlleida-qdd.cat\/wp-content\/uploads\/2024\/06\/448223655_876733087817171_1200005618646236563_n.jpg 1600w\" sizes=\"(max-width: 300px) 100vw, 300px\" \/> <img loading=\"lazy\" decoding=\"async\" class=\"alignnone size-medium wp-image-1166\" src=\"https:\/\/xn--confrariamarededudemontserratlleida-qdd.cat\/wp-content\/uploads\/2024\/06\/448339827_876733321150481_7360192573961638082_n-225x300.jpg\" alt=\"\" width=\"225\" height=\"300\" srcset=\"https:\/\/xn--confrariamarededudemontserratlleida-qdd.cat\/wp-content\/uploads\/2024\/06\/448339827_876733321150481_7360192573961638082_n-225x300.jpg 225w, https:\/\/xn--confrariamarededudemontserratlleida-qdd.cat\/wp-content\/uploads\/2024\/06\/448339827_876733321150481_7360192573961638082_n-768x1024.jpg 768w, https:\/\/xn--confrariamarededudemontserratlleida-qdd.cat\/wp-content\/uploads\/2024\/06\/448339827_876733321150481_7360192573961638082_n-1152x1536.jpg 1152w, https:\/\/xn--confrariamarededudemontserratlleida-qdd.cat\/wp-content\/uploads\/2024\/06\/448339827_876733321150481_7360192573961638082_n.jpg 1200w\" sizes=\"(max-width: 225px) 100vw, 225px\" \/><\/p>\n","protected":false},"excerpt":{"rendered":"<p>El&nbsp;diumenge&nbsp;16 de juny s\u2019inaugurar\u00e0 i es beneir\u00e0 la restauraci\u00f3 de l\u2019altar de la Mare de D\u00e9u de Montserrat de la&hellip;<\/p>\n","protected":false},"author":1,"featured_media":0,"comment_status":"closed","ping_status":"closed","sticky":false,"template":"","format":"standard","meta":{"ngg_post_thumbnail":0,"footnotes":""},"categories":[4],"tags":[],"_links":{"self":[{"href":"https:\/\/xn--confrariamarededudemontserratlleida-qdd.cat\/index.php\/wp-json\/wp\/v2\/posts\/1161"}],"collection":[{"href":"https:\/\/xn--confrariamarededudemontserratlleida-qdd.cat\/index.php\/wp-json\/wp\/v2\/posts"}],"about":[{"href":"https:\/\/xn--confrariamarededudemontserratlleida-qdd.cat\/index.php\/wp-json\/wp\/v2\/types\/post"}],"author":[{"embeddable":true,"href":"https:\/\/xn--confrariamarededudemontserratlleida-qdd.cat\/index.php\/wp-json\/wp\/v2\/users\/1"}],"replies":[{"embeddable":true,"href":"https:\/\/xn--confrariamarededudemontserratlleida-qdd.cat\/index.php\/wp-json\/wp\/v2\/comments?post=1161"}],"version-history":[{"count":2,"href":"https:\/\/xn--confrariamarededudemontserratlleida-qdd.cat\/index.php\/wp-json\/wp\/v2\/posts\/1161\/revisions"}],"predecessor-version":[{"id":1168,"href":"https:\/\/xn--confrariamarededudemontserratlleida-qdd.cat\/index.php\/wp-json\/wp\/v2\/posts\/1161\/revisions\/1168"}],"wp:attachment":[{"href":"https:\/\/xn--confrariamarededudemontserratlleida-qdd.cat\/index.php\/wp-json\/wp\/v2\/media?parent=1161"}],"wp:term":[{"taxonomy":"category","embeddable":true,"href":"https:\/\/xn--confrariamarededudemontserratlleida-qdd.cat\/index.php\/wp-json\/wp\/v2\/categories?post=1161"},{"taxonomy":"post_tag","embeddable":true,"href":"https:\/\/xn--confrariamarededudemontserratlleida-qdd.cat\/index.php\/wp-json\/wp\/v2\/tags?post=1161"}],"curies":[{"name":"wp","href":"https:\/\/api.w.org\/{rel}","templated":true}]}}