{"id":1132,"date":"2024-06-04T12:18:24","date_gmt":"2024-06-04T10:18:24","guid":{"rendered":"https:\/\/xn--confrariamarededudemontserratlleida-qdd.cat\/?p=1132"},"modified":"2024-06-13T11:31:38","modified_gmt":"2024-06-13T09:31:38","slug":"2024-06-04-recta-final-a-la-restauracio-de-laltar-de-la-mare-de-deu-de-montserrat-de-la-catedral-de-lleida","status":"publish","type":"post","link":"https:\/\/xn--confrariamarededudemontserratlleida-qdd.cat\/index.php\/2024\/06\/04\/2024-06-04-recta-final-a-la-restauracio-de-laltar-de-la-mare-de-deu-de-montserrat-de-la-catedral-de-lleida\/","title":{"rendered":"2024-06-04 : RECTA FINAL A LA RESTAURACI\u00d3\u00a0 DE L\u2019ALTAR DE LA MARE DE D\u00c9U DE MONTSERRAT DE LA CATEDRAL DE LLEIDA"},"content":{"rendered":"<p style=\"text-align: justify;\"><span style=\"font-size: 14pt;\"><strong><span style=\"vertical-align: inherit;\"><span style=\"vertical-align: inherit;\"><span style=\"vertical-align: inherit;\"><span style=\"vertical-align: inherit;\">RECTA FINAL A LA RESTAURACI\u00d3 DE L&#8217;ALTAR DE LA MARE DE D\u00c9U DE MONTSERRAT DE LA CATEDRAL DE LLEIDA<\/span><\/span><\/span><\/span><\/strong><\/span><\/p>\n<p style=\"text-align: justify;\"><span style=\"font-size: 14pt;\"><strong><img loading=\"lazy\" decoding=\"async\" class=\"wp-image-1133 alignleft\" src=\"https:\/\/xn--confrariamarededudemontserratlleida-qdd.cat\/wp-content\/uploads\/2024\/06\/Capdevila-i-Ferrer-300x200.jpg\" alt=\"\" width=\"577\" height=\"385\" srcset=\"https:\/\/xn--confrariamarededudemontserratlleida-qdd.cat\/wp-content\/uploads\/2024\/06\/Capdevila-i-Ferrer-300x200.jpg 300w, https:\/\/xn--confrariamarededudemontserratlleida-qdd.cat\/wp-content\/uploads\/2024\/06\/Capdevila-i-Ferrer-1024x684.jpg 1024w, https:\/\/xn--confrariamarededudemontserratlleida-qdd.cat\/wp-content\/uploads\/2024\/06\/Capdevila-i-Ferrer-768x513.jpg 768w, https:\/\/xn--confrariamarededudemontserratlleida-qdd.cat\/wp-content\/uploads\/2024\/06\/Capdevila-i-Ferrer-1536x1025.jpg 1536w, https:\/\/xn--confrariamarededudemontserratlleida-qdd.cat\/wp-content\/uploads\/2024\/06\/Capdevila-i-Ferrer.jpg 1976w\" sizes=\"(max-width: 577px) 100vw, 577px\" \/><\/strong><\/span><\/p>\n<p style=\"text-align: center;\"><em><span style=\"font-size: 10pt;\"><span style=\"vertical-align: inherit;\"><span style=\"vertical-align: inherit;\"><span style=\"vertical-align: inherit;\"><span style=\"vertical-align: inherit;\">El restauradors Ferrer i Capdevila treballen en la recuperaci\u00f3 de la policromia original del retaule<\/span><\/span><\/span><\/span><\/span><\/em><\/p>\n<p style=\"text-align: justify;\"><span style=\"font-size: 14pt;\"><strong><span style=\"vertical-align: inherit;\"><span style=\"vertical-align: inherit;\"><span style=\"vertical-align: inherit;\"><span style=\"vertical-align: inherit;\">Jordi Curc\u00f3 &#8211;&nbsp; <\/span><\/span><\/span><\/span><\/strong><\/span><span style=\"font-size: 14pt;\"><strong><span style=\"vertical-align: inherit;\"><span style=\"vertical-align: inherit;\"><span style=\"vertical-align: inherit;\"><span style=\"vertical-align: inherit;\">Lleida.<\/span><\/span><\/span><\/span><\/strong><\/span><\/p>\n<p style=\"text-align: justify;\"><span style=\"font-size: 14pt;\"><span style=\"vertical-align: inherit;\"><span style=\"vertical-align: inherit;\"><span style=\"vertical-align: inherit;\"><span style=\"vertical-align: inherit;\">L&#8217;altar de la Moreneta de la Catedral de Lleida va ser inaugurat el 28 de setembre de 1955. Gaireb\u00e9 70 anys despr\u00e9s, la Confraria de la Mare de D\u00e9u de Montserrat ha endegat la restauraci\u00f3 que es troba gaireb\u00e9 a la seva recta final, despr\u00e9s de m\u00e9s tres setmanes d&#8217;haver-se iniciat els treballs a c\u00e0rrec dels restauradors Jos\u00e9 A. Ferrer i Llu\u00eds Capdevila: <\/span><\/span><\/span><\/span><em><span style=\"vertical-align: inherit;\"><span style=\"vertical-align: inherit;\"><span style=\"vertical-align: inherit;\"><span style=\"vertical-align: inherit;\">\u201cAnem avan\u00e7ant a bon ritme, treballant gaireb\u00e9 tots els dies de la setmana a excepci\u00f3 feta del diumenge, per tal de deixar- ho llest per la inauguraci\u00f3 prevista en un principi pel diumenge 16 de juny\u201d.<\/span><\/span><\/span><\/span><\/em><\/span><\/p>\n<p style=\"text-align: justify;\"><span style=\"font-size: 14pt;\"><em>&nbsp;<\/em><\/span><span style=\"font-size: 14pt;\"><span style=\"vertical-align: inherit;\"><span style=\"vertical-align: inherit;\"><span style=\"vertical-align: inherit;\"><span style=\"vertical-align: inherit;\">Tots dos artistes van rebre l&#8217;enc\u00e0rrec de dita Confraria, quan davant alguns desperfectes detectats en la policromia de l&#8217;altar, aix\u00ed com per la brut\u00edcia acumulada pel pas dels anys i tamb\u00e9 pels corcs que s&#8217;havien localitzat en algunes parts de la fusta. . , va creure oport\u00fa tot i el seu cost, tirar endavant amb la seva restauraci\u00f3 <\/span><\/span><\/span><\/span><em><span style=\"vertical-align: inherit;\"><span style=\"vertical-align: inherit;\"><span style=\"vertical-align: inherit;\"><span style=\"vertical-align: inherit;\">:\u201cl&#8217;altar presentava&#8230; de deteriorament, que de no actuar amb dilig\u00e8ncia s&#8217;haguessin agreujat malmetent-lo\u201d,<\/span><\/span><\/span><\/span><\/em><span style=\"vertical-align: inherit;\"><span style=\"vertical-align: inherit;\"><span style=\"vertical-align: inherit;\"><span style=\"vertical-align: inherit;\"> explica el president Josep Estruch.<\/span><\/span><\/span><\/span><\/span><\/p>\n<p style=\"text-align: justify;\"><span style=\"font-size: 14pt;\"><span style=\"vertical-align: inherit;\"><span style=\"vertical-align: inherit;\"><span style=\"vertical-align: inherit;\"><span style=\"vertical-align: inherit;\">Aix\u00ed, la Confraria inici\u00e0 una campanya entre els confrares i devots de la Moreneta, institucions i ciutadans en general que encara segueix, a fi i efectes de recaptar els diners necessaris per fer front al pressupost de la restauraci\u00f3 de poc m\u00e9s de 20.000 \u20ac: <\/span><\/span><\/span><\/span><em><span style=\"vertical-align: inherit;\"><span style=\"vertical-align: inherit;\"><span style=\"vertical-align: inherit;\"><span style=\"vertical-align: inherit;\">\u201c Quan l&#8217;any 1955 es va fer l&#8217;altar, la junta d&#8217;aleshores va pagar-ho mitjan\u00e7ant una subscripci\u00f3 popular entre els confrares i devots de la Moreneta. Despr\u00e9s de 70 anys, la Junta actual hem fet el mateix i gr\u00e0cies a la generositat de la gent, ha estat possible tirar endavant la tant anhelada restauraci\u00f3. Tot i que encara no s&#8217;ha recollit el 100% del cost total, estim a punt d&#8217;aconseguir-ho\u201d.<\/span><\/span><\/span><\/span><\/em><\/span><\/p>\n<p style=\"text-align: justify;\"><span style=\"font-size: 14pt;\"><em>&nbsp;<\/em><\/span><span style=\"font-size: 14pt;\"><span style=\"vertical-align: inherit;\"><span style=\"vertical-align: inherit;\"><span style=\"vertical-align: inherit;\"><span style=\"vertical-align: inherit;\">Pel que fa a la restauraci\u00f3 Jos\u00e9 A. Ferrer, manifesta la seva satisfacci\u00f3 per com \u00e9s va desenvolupar el treball: <\/span><\/span><\/span><\/span><em><span style=\"vertical-align: inherit;\"><span style=\"vertical-align: inherit;\"><span style=\"vertical-align: inherit;\"><span style=\"vertical-align: inherit;\">\u201cLa veritat \u00e9s que la capella l&#8217;hem trobat amb millor estat del que semblava, tot i que ha calgut actuar en algunes parts. . de retaule amb desperfectes a la fusta. Cal dir tamb\u00e9 que no estava massa afectada pels corcs, per\u00f2 si que hi havia molt\u00edssima brut\u00edcia acumulada, ocasionada especialment pels fums dels ciris que l&#8217;havien ennegrit i que impedia veure la seva policromia original. Ha calgut primer netejar-ho tot a fons, extraient els pols a la base de productes sint\u00e8tics, per poder aix\u00ed recuperar el daurat a l&#8217;aigua, una t\u00e8cnica que l&#8217;artista Lluci\u00e0 Oliva, autor de la policromia, dominava a la perfecci\u00f3\u201d .<\/span><\/span><\/span><\/span><\/em><\/span><\/p>\n<p style=\"text-align: justify;\"><span style=\"font-size: 14pt;\"><span style=\"vertical-align: inherit;\"><span style=\"vertical-align: inherit;\"><span style=\"vertical-align: inherit;\"><span style=\"vertical-align: inherit;\">Ferrer i Capdevila expliquen que pel que fa al coronament del retaule que ja tenen acabat, on hi ha un relleu de talla de l&#8217;Esperit Sant, s&#8217;ha respectat la policromia original aplicada que combina el brillant i el mate: \u201c&#8230; <\/span><\/span><\/span><\/span><em><span style=\"vertical-align: inherit;\"><span style=\"vertical-align: inherit;\"><span style=\"vertical-align: inherit;\"><span style=\"vertical-align: inherit;\">i pel que fa al cambril de la Moreneta, est\u00e0 tot ell pintat amb colors vegetals i pigments al temple, que anem recuperant. Com an\u00e8cdota dir que hem descobert una petita decoraci\u00f3 floral que no era visible i que deixarem a la vista. Tamb\u00e9 com a curiositat, hem descobert que les tres voltes del cambril, que tothom pensava eren de fusta, estan tra\u00e7ades amb canyes i guix, en un treball artesanal sense parang\u00f3. Tot aquest treball ho fem seguint les directius de la Declaraci\u00f3 de Ven\u00e8cia de l&#8217;any 1964, que afecta als restauradors\u201d.<\/span><\/span><\/span><\/span><\/em><\/span><\/p>\n<p style=\"text-align: justify;\"><span style=\"font-size: 14pt;\"><em>&nbsp;<\/em><\/span><span style=\"font-size: 14pt;\"><span style=\"vertical-align: inherit;\"><span style=\"vertical-align: inherit;\"><span style=\"vertical-align: inherit;\"><span style=\"vertical-align: inherit;\">Tots dos restauradors estan d&#8217;acord a l&#8217;assenyalar que a mesura que han anat treballant-hi, han anat tamb\u00e9 descobrint la import\u00e0ncia d&#8217;aquest altar-retaule. En primer lloc per les seves dimensions de 10 metres d&#8217;al\u00e7ada, que ha fet necess\u00e0riament necessari muntar una gran quantitat per poder treballar amb condicions. D&#8217;estil neocl\u00e0ssic, segons projecte de l&#8217;arquitecte Llu\u00eds Dom\u00e8nech, est\u00e0 tot ell tallat amb fusta de pi pel gran tallista lleidat\u00e0 Ramon Borr\u00e0s Vilaplana i daurat tot ell per l&#8217;artes\u00e0 dorador Lluci\u00e0 Oliva. Aix\u00ed mateix el cambril acull la venerada talla de la Mare de D\u00e9u de Montserrat, del reputat escultor Josep M. Camps i Arnau, amb plafons d&#8217;estil modernista decorats per Vilar\u00f3 i Valls, amb unes extraordin\u00e0ries pintures murals de Josep Obiols de l&#8217;any. . 1960. La confraria d&#8217;aleshores va triar els millors artistes i artesans per bastir l&#8217;altar de la Patrona de Catalunya, que \u00e9s sens dubte el millor de la catedral de Lleida. Gr\u00e0cies a aquella gent tant montserratina, tenim ara una joia d&#8217;art i de fe que cal posar en valor i sens dubte aquesta restauraci\u00f3 ajudar\u00e0 a fer-ho possible.<\/span><\/span><\/span><\/span><\/span><\/p>\n<p style=\"text-align: justify;\"><span style=\"font-size: 14pt;\"><strong><em><span style=\"vertical-align: inherit;\"><span style=\"vertical-align: inherit;\"><span style=\"vertical-align: inherit;\"><span style=\"vertical-align: inherit;\">(Article publicat al diari \u201cLa Ma\u00f1ana\u201d de Lleida, el 3 de juny de 2024)<\/span><\/span><\/span><\/span><\/em><\/strong><\/span><\/p>\n<p>&nbsp;&nbsp;&nbsp;<\/p>\nngg_shortcode_0_placeholder\n","protected":false},"excerpt":{"rendered":"<p>RECTA FINAL A LA RESTAURACI\u00d3 DE L&#8217;ALTAR DE LA MARE DE D\u00c9U DE MONTSERRAT DE LA CATEDRAL DE LLEIDA El&hellip;<\/p>\n","protected":false},"author":1,"featured_media":0,"comment_status":"closed","ping_status":"closed","sticky":false,"template":"","format":"standard","meta":{"ngg_post_thumbnail":0,"footnotes":""},"categories":[4],"tags":[],"_links":{"self":[{"href":"https:\/\/xn--confrariamarededudemontserratlleida-qdd.cat\/index.php\/wp-json\/wp\/v2\/posts\/1132"}],"collection":[{"href":"https:\/\/xn--confrariamarededudemontserratlleida-qdd.cat\/index.php\/wp-json\/wp\/v2\/posts"}],"about":[{"href":"https:\/\/xn--confrariamarededudemontserratlleida-qdd.cat\/index.php\/wp-json\/wp\/v2\/types\/post"}],"author":[{"embeddable":true,"href":"https:\/\/xn--confrariamarededudemontserratlleida-qdd.cat\/index.php\/wp-json\/wp\/v2\/users\/1"}],"replies":[{"embeddable":true,"href":"https:\/\/xn--confrariamarededudemontserratlleida-qdd.cat\/index.php\/wp-json\/wp\/v2\/comments?post=1132"}],"version-history":[{"count":4,"href":"https:\/\/xn--confrariamarededudemontserratlleida-qdd.cat\/index.php\/wp-json\/wp\/v2\/posts\/1132\/revisions"}],"predecessor-version":[{"id":1153,"href":"https:\/\/xn--confrariamarededudemontserratlleida-qdd.cat\/index.php\/wp-json\/wp\/v2\/posts\/1132\/revisions\/1153"}],"wp:attachment":[{"href":"https:\/\/xn--confrariamarededudemontserratlleida-qdd.cat\/index.php\/wp-json\/wp\/v2\/media?parent=1132"}],"wp:term":[{"taxonomy":"category","embeddable":true,"href":"https:\/\/xn--confrariamarededudemontserratlleida-qdd.cat\/index.php\/wp-json\/wp\/v2\/categories?post=1132"},{"taxonomy":"post_tag","embeddable":true,"href":"https:\/\/xn--confrariamarededudemontserratlleida-qdd.cat\/index.php\/wp-json\/wp\/v2\/tags?post=1132"}],"curies":[{"name":"wp","href":"https:\/\/api.w.org\/{rel}","templated":true}]}}