{"id":111,"date":"2013-04-25T20:34:00","date_gmt":"2013-04-25T18:34:00","guid":{"rendered":"https:\/\/xn--confrariamarededudemontserratlleida-qdd.cat\/?p=111"},"modified":"2023-10-26T13:00:52","modified_gmt":"2023-10-26T11:00:52","slug":"lleida-celebra-dissabte-el-dia-de-la-mare-de-deu-de-montserrat","status":"publish","type":"post","link":"https:\/\/xn--confrariamarededudemontserratlleida-qdd.cat\/index.php\/2013\/04\/25\/lleida-celebra-dissabte-el-dia-de-la-mare-de-deu-de-montserrat\/","title":{"rendered":"Lleida celebra dissabte el dia de la Mare de D\u00e9u de Montserrat"},"content":{"rendered":"\n<p>Publicat a <a href=\"https:\/\/www.lleidadiari.cat\/lleida-celebra-dissabte-el-dia-de-la-mare-de-deu-de-montserrat\/\" data-type=\"link\" data-id=\"https:\/\/www.lleidadiari.cat\/lleida-celebra-dissabte-el-dia-de-la-mare-de-deu-de-montserrat\/\">LLEIDA DIARI<\/a><\/p>\n\n\n\n<figure class=\"wp-block-image size-full\"><img loading=\"lazy\" decoding=\"async\" width=\"760\" height=\"475\" src=\"https:\/\/xn--confrariamarededudemontserratlleida-qdd.cat\/wp-content\/uploads\/2023\/10\/2013-festa-1.jpg\" alt=\"\" class=\"wp-image-114\" srcset=\"https:\/\/xn--confrariamarededudemontserratlleida-qdd.cat\/wp-content\/uploads\/2023\/10\/2013-festa-1.jpg 760w, https:\/\/xn--confrariamarededudemontserratlleida-qdd.cat\/wp-content\/uploads\/2023\/10\/2013-festa-1-300x188.jpg 300w\" sizes=\"(max-width: 760px) 100vw, 760px\" \/><\/figure>\n\n\n\n<p>Lleida acollir\u00e0 aquest dissabte, dia 27 d&#8217;abril, la festa de la Mare de D\u00e9u de Montserrat de Lleida, patrona de Catalunya, que tindr\u00e0 lloc a la Catedral de la ciutat.<\/p>\n\n\n\n<p>A les 09.00 hores, es dur\u00e0 a terme l&#8217;Eucaristia a l&#8217;altar de la patrona, presidida pel moss\u00e8n&nbsp;Xavier Batiste, consiliari de la Confraria. A les 12.00 hores, hi haur\u00e0 el repic de campanes a la&nbsp;Seu Vella en honor de la Mare de D\u00e9u de Montserrat, organitzat per la Confraria de Campaners de Catalunya.<br><br>La visita espiritual a la Mare de D\u00e9u de Montserrat,&nbsp;dirigida pel consiliari de la Confraria Moss\u00e8n Xavier Batiste, ser\u00e0 a les 19.00 hores, i 30 minuts m\u00e9s tard, es celebrar\u00e0 la solemne concelebraci\u00f3 eucar\u00edstica,&nbsp;presidida pel bisbe de Lleida, Joan Piris Fr\u00edgola.<\/p>\n","protected":false},"excerpt":{"rendered":"<p>Publicat a LLEIDA DIARI Lleida acollir\u00e0 aquest dissabte, dia 27 d&#8217;abril, la festa de la Mare de D\u00e9u de Montserrat&hellip;<\/p>\n","protected":false},"author":1,"featured_media":0,"comment_status":"closed","ping_status":"closed","sticky":false,"template":"","format":"standard","meta":{"ngg_post_thumbnail":0,"footnotes":""},"categories":[4],"tags":[],"_links":{"self":[{"href":"https:\/\/xn--confrariamarededudemontserratlleida-qdd.cat\/index.php\/wp-json\/wp\/v2\/posts\/111"}],"collection":[{"href":"https:\/\/xn--confrariamarededudemontserratlleida-qdd.cat\/index.php\/wp-json\/wp\/v2\/posts"}],"about":[{"href":"https:\/\/xn--confrariamarededudemontserratlleida-qdd.cat\/index.php\/wp-json\/wp\/v2\/types\/post"}],"author":[{"embeddable":true,"href":"https:\/\/xn--confrariamarededudemontserratlleida-qdd.cat\/index.php\/wp-json\/wp\/v2\/users\/1"}],"replies":[{"embeddable":true,"href":"https:\/\/xn--confrariamarededudemontserratlleida-qdd.cat\/index.php\/wp-json\/wp\/v2\/comments?post=111"}],"version-history":[{"count":3,"href":"https:\/\/xn--confrariamarededudemontserratlleida-qdd.cat\/index.php\/wp-json\/wp\/v2\/posts\/111\/revisions"}],"predecessor-version":[{"id":708,"href":"https:\/\/xn--confrariamarededudemontserratlleida-qdd.cat\/index.php\/wp-json\/wp\/v2\/posts\/111\/revisions\/708"}],"wp:attachment":[{"href":"https:\/\/xn--confrariamarededudemontserratlleida-qdd.cat\/index.php\/wp-json\/wp\/v2\/media?parent=111"}],"wp:term":[{"taxonomy":"category","embeddable":true,"href":"https:\/\/xn--confrariamarededudemontserratlleida-qdd.cat\/index.php\/wp-json\/wp\/v2\/categories?post=111"},{"taxonomy":"post_tag","embeddable":true,"href":"https:\/\/xn--confrariamarededudemontserratlleida-qdd.cat\/index.php\/wp-json\/wp\/v2\/tags?post=111"}],"curies":[{"name":"wp","href":"https:\/\/api.w.org\/{rel}","templated":true}]}}