{"id":1106,"date":"2018-09-08T14:52:14","date_gmt":"2018-09-08T12:52:14","guid":{"rendered":"https:\/\/xn--confrariamarededudemontserratlleida-qdd.cat\/?p=1106"},"modified":"2024-05-26T15:01:14","modified_gmt":"2024-05-26T13:01:14","slug":"2018-09-08-la-confraria-de-la-mare-de-deu-de-montserrat-celebra-la-festa-de-les-marededeus-trobades","status":"publish","type":"post","link":"https:\/\/xn--confrariamarededudemontserratlleida-qdd.cat\/index.php\/2018\/09\/08\/2018-09-08-la-confraria-de-la-mare-de-deu-de-montserrat-celebra-la-festa-de-les-marededeus-trobades\/","title":{"rendered":"2018 : LA CONFRARIA DE LA MARE DE D\u00c9U DE MONTSERRAT CELEBRA LA FESTA DE LES MAREDED\u00c9US TROBADES"},"content":{"rendered":"<p><span style=\"vertical-align: inherit;\"><span style=\"vertical-align: inherit;\"><span style=\"vertical-align: inherit;\"><span style=\"vertical-align: inherit;\"><img loading=\"lazy\" decoding=\"async\" class=\"size-medium wp-image-1109 alignleft\" src=\"https:\/\/xn--confrariamarededudemontserratlleida-qdd.cat\/wp-content\/uploads\/2024\/05\/2018--300x169.jpg\" alt=\"\" width=\"300\" height=\"169\" srcset=\"https:\/\/xn--confrariamarededudemontserratlleida-qdd.cat\/wp-content\/uploads\/2024\/05\/2018--300x169.jpg 300w, https:\/\/xn--confrariamarededudemontserratlleida-qdd.cat\/wp-content\/uploads\/2024\/05\/2018-.jpg 640w\" sizes=\"(max-width: 300px) 100vw, 300px\" \/>Dissabte, 08 de Setembre de 2018<\/span><\/span><\/span><\/span><\/p>\n<p style=\"text-align: justify;\"><span style=\"font-size: 14pt;\"><strong><span style=\"vertical-align: inherit;\"><span style=\"vertical-align: inherit;\"><span style=\"vertical-align: inherit;\"><span style=\"vertical-align: inherit;\">A LA CATEDRAL AMB UNA CONCORREGUDA EUCARISTIA<\/span><\/span><\/span><\/span><\/strong><\/span><\/p>\n<p style=\"text-align: justify;\"><span style=\"font-size: 14pt;\"><span style=\"vertical-align: inherit;\"><span style=\"vertical-align: inherit;\"><span style=\"vertical-align: inherit;\"><span style=\"vertical-align: inherit;\">La Confraria de la Mare de D\u00e9u de Montserrat de Lleida, celebrar\u00e0 el 8 de setembre la festa de la Nativitat de la Mare de D\u00e9u, coneguda popularment com a Festa de les Mareded\u00e9us Trobades, com ho \u00e9s la Patrona de Catalunya.<\/span><\/span><\/span><\/span><\/span><\/p>\n<p style=\"text-align: justify;\"><span style=\"font-size: 14pt;\"><span style=\"vertical-align: inherit;\"><span style=\"vertical-align: inherit;\"><span style=\"vertical-align: inherit;\"><span style=\"vertical-align: inherit;\">Ho feu a la Catedral Nova, amb la celebraci\u00f3 d&#8217;una Eucaristia a l&#8217;altar de la Moreneta presidida pel bisbe de Lleida Mons. Salvador Gim\u00e9nez Valls i concelebrada pel consiliari Mn. Xavier Batiste i pel diaca i alhora confrare, Mn. Pl\u00e0cid Burgu\u00e9s.<\/span><\/span><\/span><\/span><\/span><\/p>\n<p style=\"text-align: justify;\"><span style=\"font-size: 14pt;\"><span style=\"vertical-align: inherit;\"><span style=\"vertical-align: inherit;\"><span style=\"vertical-align: inherit;\"><span style=\"vertical-align: inherit;\">A la celebraci\u00f3 assist\u00ed el president de la Confraria Josep Estruch i tota la junta directiva, a m\u00e9s a m\u00e9s de nombrosos confrares i fidels que ompliren els bancs instal\u2022lats davant la capella i bona part dels primers bancs de la Catedral, a l&#8217;al\u00e7ada. . de l&#8217;altar de la MdD de Montserrat.<\/span><\/span><\/span><\/span><\/span><\/p>\n<p style=\"text-align: justify;\"><span style=\"font-size: 14pt;\"><span style=\"vertical-align: inherit;\"><span style=\"vertical-align: inherit;\"><span style=\"vertical-align: inherit;\"><span style=\"vertical-align: inherit;\">El bisbe Salvador en les primeres paraules de la seva homilia, felicitat als confrares de Montserrat ia la junta de la Confraria per la festa i per totes les seves activitats i iniciatives: \u201c&#8230;que procuren expandir la devoci\u00f3 i apropar la nostra Patrona a tota la gent\u201d. Tot seguit \u00e9s refer\u00ed la festa del Naixement de la Mare de D\u00e9u, destacant el seu marcat car\u00e0cter Mari\u00e0 que tradicionalment ha tingut la festa a casa nostra, amb nombroses poblacions celebren el seu patronatge com a Festa Major i moltes ermites i santuaris que veneren en aquesta. . jornada a la seva Mare de D\u00e9u Trobada: \u201cEn aquest dia que retrobem a Maria, Ella ens convida a trobar-nos amb el Senyor, a seguir-lo amb coher\u00e8ncia que ens interpel\u2022lar\u00e0 a canviar les nostres vides. Avui \u00e9s un bon dia per pregar per la vida, per tota la vida\u201d, va dir el bisbe Salvador referint-se tamb\u00e9 a les vides del concebuts i encara no nascuts.<\/span><\/span><\/span><\/span><\/span><\/p>\n<p style=\"text-align: justify;\"><span style=\"font-size: 14pt;\"><strong><span style=\"vertical-align: inherit;\"><span style=\"vertical-align: inherit;\"><span style=\"vertical-align: inherit;\"><span style=\"vertical-align: inherit;\">LLIURAMENT DE LA C\u00c8DULA I LA INS\u00cdGNIA DE CONFRARE<\/span><\/span><\/span><\/span><\/strong><\/span><\/p>\n<p style=\"text-align: justify;\"><span style=\"font-size: 14pt;\"><span style=\"vertical-align: inherit;\"><span style=\"vertical-align: inherit;\"><span style=\"vertical-align: inherit;\"><span style=\"vertical-align: inherit;\">Al finalitzar la celebraci\u00f3 el president de la Confraria Josep Estruch, dirig\u00ed unes paraules de salutaci\u00f3 a tots els confrares per significar l&#8217;acte que s&#8217;anava a celebrar i posant en valor la renovaci\u00f3 i adaptaci\u00f3 de la Confraria als nous temps. Tot seguit el bisbe Salvador, lliur\u00e0 una a una a tots els confrares presents la c\u00e8dula nominal signada per l&#8217;abat de Montserrat P. Josep M. Soler, que els acredita com a confrares de la Confraria de la Mare de D\u00e9u de Montserrat de Lleida inscrits a la Confraria del Monestir de Montserrat. Tamb\u00e9 se&#8217;ls lliur\u00e0 la ins\u00edgnia de la Confraria i un llant\u00f3, portat expressament des de Montserrat.<\/span><\/span><\/span><\/span><\/span><\/p>\n<p style=\"text-align: justify;\"><span style=\"font-size: 14pt;\"><span style=\"vertical-align: inherit;\"><span style=\"vertical-align: inherit;\"><span style=\"vertical-align: inherit;\"><span style=\"vertical-align: inherit;\">La celebraci\u00f3, com no podia ser d&#8217;una altra manera va cloure amb el cant del Virolai interpretat pel Petit Cor de la Catedral de Lleida, que tamb\u00e9 havia interpretat durant la celebraci\u00f3 l&#8217;himne \u201cBruna de Montserrat\u201d, amb lletra de Rosa Fabregat. . i Sol\u00e9 i m\u00fasica del mestre de capella de la Catedral Mn. Joaquim Mesalles. Mentre s&#8217;escoltava i cantava el Virolai, els fidels anaven pujant al cambril de \u201cla Moreneta\u201d per venerar, com \u00e9s costum, la seva imatge.<\/span><\/span><\/span><\/span><\/span><\/p>\n<p style=\"text-align: justify;\"><span style=\"font-size: 14pt;\"><strong><span style=\"vertical-align: inherit;\"><span style=\"vertical-align: inherit;\"><span style=\"vertical-align: inherit;\"><span style=\"vertical-align: inherit;\">ANADA A MONTSERRAT EL DISSABTE 15 DE SETEMBRE<\/span><\/span><\/span><\/span><\/strong><\/span><\/p>\n<p style=\"text-align: justify;\"><span style=\"font-size: 14pt;\"><span style=\"vertical-align: inherit;\"><span style=\"vertical-align: inherit;\"><span style=\"vertical-align: inherit;\"><span style=\"vertical-align: inherit;\">L&#8217;Eucaristia fou tamb\u00e9 ocasi\u00f3 per recordar els confrares diferents. En aquets sentit, la Confraria ha preparat una anada a Montserrat prevista pel proper dissabte 15 de setembre, per tal d&#8217;assistir a la celebraci\u00f3 de l&#8217;Eucaristia que per aquets difunts tindran lloc aquest dia al monestir de Montserrat.<\/span><\/span><\/span><\/span><\/span><\/p>\n<p style=\"text-align: justify;\"><span style=\"font-size: 14pt;\"><span style=\"vertical-align: inherit;\"><span style=\"vertical-align: inherit;\"><span style=\"vertical-align: inherit;\"><span style=\"vertical-align: inherit;\">Ja al vespre, les xarxes socials i el grup de whatsap de la Confraria, van fer-se ress\u00f2 de la festa amb expressions com les seg\u00fcents: \u201cQuin bon record d&#8217;un bon dia als peus de la nostra Patrona, amb la satisfacci\u00f3 de la bona resposta dels confrares, amb una celebraci\u00f3 molt viscuda i un acte emotiu\u201d. Tamb\u00e9 la premsa va deixar-ne const\u00e0ncia escrita i gr\u00e0fica, nom\u00e9s cal citar el titular d&#8217;un dels diaris de Lleida: \u201cMultitudin\u00e0ria festa de les Mareded\u00e9us Trobades a la Catedral de Lleida\u201d. I aix\u00ed fou i en donem gr\u00e0cies.<\/span><\/span><\/span><\/span><\/span><\/p>\n<p style=\"text-align: justify;\"><span style=\"font-size: 14pt;\"><strong><span style=\"vertical-align: inherit;\"><span style=\"vertical-align: inherit;\"><span style=\"vertical-align: inherit;\"><span style=\"vertical-align: inherit;\">Jordi Curc\u00f3<\/span><\/span><\/span><\/span><\/strong><\/span><\/p>\n<p>Publicat a :&nbsp;<\/p>\n<p>https:\/\/www.lleidaparticipa.cat\/index_web.php?ap=czo3OiJwb3J0YWRhIjs=&#038;pagina=111&#038;idw=czozOiI0NTciOw==&#038;idi=czozOiJjYXQiOw==&#038;idn=8cc73dd2a472ac73dd2a492ac4d63492<\/p>\n","protected":false},"excerpt":{"rendered":"<p>Dissabte, 08 de Setembre de 2018 A LA CATEDRAL AMB UNA CONCORREGUDA EUCARISTIA La Confraria de la Mare de D\u00e9u&hellip;<\/p>\n","protected":false},"author":1,"featured_media":0,"comment_status":"closed","ping_status":"closed","sticky":false,"template":"","format":"standard","meta":{"ngg_post_thumbnail":0,"footnotes":""},"categories":[4],"tags":[],"_links":{"self":[{"href":"https:\/\/xn--confrariamarededudemontserratlleida-qdd.cat\/index.php\/wp-json\/wp\/v2\/posts\/1106"}],"collection":[{"href":"https:\/\/xn--confrariamarededudemontserratlleida-qdd.cat\/index.php\/wp-json\/wp\/v2\/posts"}],"about":[{"href":"https:\/\/xn--confrariamarededudemontserratlleida-qdd.cat\/index.php\/wp-json\/wp\/v2\/types\/post"}],"author":[{"embeddable":true,"href":"https:\/\/xn--confrariamarededudemontserratlleida-qdd.cat\/index.php\/wp-json\/wp\/v2\/users\/1"}],"replies":[{"embeddable":true,"href":"https:\/\/xn--confrariamarededudemontserratlleida-qdd.cat\/index.php\/wp-json\/wp\/v2\/comments?post=1106"}],"version-history":[{"count":5,"href":"https:\/\/xn--confrariamarededudemontserratlleida-qdd.cat\/index.php\/wp-json\/wp\/v2\/posts\/1106\/revisions"}],"predecessor-version":[{"id":1129,"href":"https:\/\/xn--confrariamarededudemontserratlleida-qdd.cat\/index.php\/wp-json\/wp\/v2\/posts\/1106\/revisions\/1129"}],"wp:attachment":[{"href":"https:\/\/xn--confrariamarededudemontserratlleida-qdd.cat\/index.php\/wp-json\/wp\/v2\/media?parent=1106"}],"wp:term":[{"taxonomy":"category","embeddable":true,"href":"https:\/\/xn--confrariamarededudemontserratlleida-qdd.cat\/index.php\/wp-json\/wp\/v2\/categories?post=1106"},{"taxonomy":"post_tag","embeddable":true,"href":"https:\/\/xn--confrariamarededudemontserratlleida-qdd.cat\/index.php\/wp-json\/wp\/v2\/tags?post=1106"}],"curies":[{"name":"wp","href":"https:\/\/api.w.org\/{rel}","templated":true}]}}