{"id":1104,"date":"2022-09-12T14:49:12","date_gmt":"2022-09-12T12:49:12","guid":{"rendered":"https:\/\/xn--confrariamarededudemontserratlleida-qdd.cat\/?p=1104"},"modified":"2024-05-26T15:00:52","modified_gmt":"2024-05-26T13:00:52","slug":"2022-09-12-la-catedral-de-lleida-celebra-el-75e-aniversari-de-lentronitzacio-de-la-mare-de-deu-de-montserrat","status":"publish","type":"post","link":"https:\/\/xn--confrariamarededudemontserratlleida-qdd.cat\/index.php\/2022\/09\/12\/2022-09-12-la-catedral-de-lleida-celebra-el-75e-aniversari-de-lentronitzacio-de-la-mare-de-deu-de-montserrat\/","title":{"rendered":"2022 : La Catedral de Lleida celebra el 75\u00e8 aniversari de l&#8217;entronitzaci\u00f3 de la Mare de D\u00e9u de Montserrat"},"content":{"rendered":"<header class=\"clearfix\">\n<div class=\"floatleft\">\n<div class=\"field field-name-field-autor field-type-text field-label-hidden\">\n<div class=\"field-items\">&nbsp;<\/div>\n<\/div>\n<\/div>\n<div class=\"floatleft\">\n<div class=\"left\">\n<div class=\"field field-name-field-date field-type-datetime field-label-hidden\">\n<div class=\"field-items\">\n<div>https:\/\/www.lleida.com\/noticia_canal\/la-catedral-de-lleida-celebra-el-75e-aniversari-de-lentronitzacio-de-la-mare-de-deu-de<\/div>\n<div>&nbsp;<\/div>\n<div class=\"field-item even\"><span class=\"date-display-single\">12-09-2022<\/span><\/div>\n<\/div>\n<\/div>\n<\/div>\n<\/div>\n<div class=\"floatleft f11\">&nbsp;<\/div>\n<\/header>\n<div class=\"content clearfix\">\n<div class=\"field field-name-field-multimedia field-type-file field-label-hidden\">\n<div class=\"field-items\">\n<div class=\"field-item even\">\n<div id=\"flexslider-1\" class=\"flexslider optionset-noticia-canal-full flexslider-processed\">\n<div class=\"flex-viewport\">\n<ul class=\"slides\">\n<li class=\"flex-active-slide\">\n<div id=\"file-297154\" class=\"file file-image file-image-png\">\n<div class=\"content\"><img decoding=\"async\" title=\"La Catedral de Lleida celebra el 75\u00e8 aniversari de l'entronitzaci\u00f3 de la Mare de D\u00e9u de Montserrat\" draggable=\"false\" src=\"https:\/\/www.lleida.com\/sites\/default\/files\/styles\/noticia_canal_full\/public\/noticies\/plantilla_preview_facebook_lleidacom_3_57.png?itok=RgEdfWJo\" alt=\"La Catedral de Lleida celebra el 75\u00e8 aniversari de l'entronitzaci\u00f3 de la Mare de D\u00e9u de Montserrat\"><\/p>\n<div class=\"field field-name-field-peu-de-foto field-type-text field-label-inline clearfix\">\n<div class=\"field-label\">Peu de foto:&nbsp; Jordi G\u00f3mez Pay\u00e0<\/div>\n<\/div>\n<\/div>\n<\/div>\n<\/li>\n<li>\n<div id=\"file-297155\" class=\"file file-image file-image-png\">\n<div class=\"content\"><img decoding=\"async\" title=\"La Catedral de Lleida celebra el 75\u00e8 aniversari de l'entronitzaci\u00f3 de la Mare de D\u00e9u de Montserrat\" draggable=\"false\" src=\"https:\/\/www.lleida.com\/sites\/default\/files\/styles\/noticia_canal_full\/public\/noticies\/plantilla_preview_facebook_lleidacom_7_43.png?itok=1CFef6Bk\" alt=\"La Catedral de Lleida celebra el 75\u00e8 aniversari de l'entronitzaci\u00f3 de la Mare de D\u00e9u de Montserrat\"><\/p>\n<div class=\"field field-name-field-peu-de-foto field-type-text field-label-inline clearfix\">\n<div class=\"field-label\">Peu de foto: Jordi G\u00f3mez Pay\u00e0<\/div>\n<\/div>\n<\/div>\n<\/div>\n<\/li>\n<li>\n<div id=\"file-297156\" class=\"file file-image file-image-png\">\n<div class=\"content\"><img decoding=\"async\" title=\"La Catedral de Lleida celebra el 75\u00e8 aniversari de l'entronitzaci\u00f3 de la Mare de D\u00e9u de Montserrat\" draggable=\"false\" src=\"https:\/\/www.lleida.com\/sites\/default\/files\/styles\/noticia_canal_full\/public\/noticies\/plantilla_preview_facebook_lleidacom_8_37.png?itok=Vrny4nBF\" alt=\"La Catedral de Lleida celebra el 75\u00e8 aniversari de l'entronitzaci\u00f3 de la Mare de D\u00e9u de Montserrat\"><\/p>\n<div class=\"field field-name-field-peu-de-foto field-type-text field-label-inline clearfix\">\n<div class=\"field-label\">Peu de foto: Jordi G\u00f3mez Pay\u00e0<\/div>\n<\/div>\n<\/div>\n<\/div>\n<\/li>\n<li>\n<div id=\"file-297157\" class=\"file file-image file-image-png\">\n<div class=\"content\"><img decoding=\"async\" title=\"La Catedral de Lleida celebra el 75\u00e8 aniversari de l'entronitzaci\u00f3 de la Mare de D\u00e9u de Montserrat\" draggable=\"false\" src=\"https:\/\/www.lleida.com\/sites\/default\/files\/styles\/noticia_canal_full\/public\/noticies\/plantilla_preview_facebook_lleidacom_9_29.png?itok=cBtO8Eov\" alt=\"La Catedral de Lleida celebra el 75\u00e8 aniversari de l'entronitzaci\u00f3 de la Mare de D\u00e9u de Montserrat\"><\/p>\n<div class=\"field field-name-field-peu-de-foto field-type-text field-label-inline clearfix\">\n<div class=\"field-label\">Peu de foto: Jordi G\u00f3mez Pay\u00e0<\/div>\n<\/div>\n<\/div>\n<\/div>\n<\/li>\n<\/ul>\n<\/div>\n<\/div>\n<\/div>\n<\/div>\n<\/div>\n<div class=\"field field-name-body field-type-text-with-summary field-label-hidden\">\n<div class=\"field-items\">\n<div class=\"field-item even\">\n<p style=\"text-align: justify;\"><span style=\"font-size: 14pt;\"><strong>La Confraria de la Mare de D\u00e9u de Montserrat de Lleida <\/strong>commemorava dissabte, 10 de setembre, a les 7 de la tarda a la Catedral, tal i com es va fer&nbsp;a la resta de catedrals de tot Catalunya,&nbsp;<strong>el 75\u00e8 aniversari de l&#8217;entronitzaci\u00f3 de la Patrona de Catalunya al seu tron de Montserrat<\/strong>. La celebraci\u00f3, que commemorarva&nbsp;alhora la festa tradicional de les Mareded\u00e9us Trobades del 8 de setembre, s\u2019iniciava&nbsp;amb una solemne Eucaristia presidida pel bisbe de Lleida, Salvador Gim\u00e9nez, concelebrada pel consiliari de la Confraria, moss\u00e8n Josep M. Escorihuela i el monjo Joan M. Mayol, director de la Confraria de Montserrat i rector del santuari. Solemnitzava&nbsp;la celebraci\u00f3 el Petit Cor de la Catedral de Lleida, sota la direcci\u00f3 del Mestre de Capella moss\u00e8n Joaquim Mesalles. La imatge de la Moreneta, venerada durant l&#8217;any al cambril de l&#8217;altar de la Confraria, va ser traslladada per aquesta celebraci\u00f3 a l\u2019altar major de la Catedral, per a ser retornada tot just acabada la celebraci\u00f3 en process\u00f3 per l&#8217;interior del temple fins la seva capella, portada per confrares de Montserrat i membres de l&#8217;Hospitalitat de la Mare de D\u00e9u de Lourdes. Com ja \u00e9s tradici\u00f3, la cloenda la posava el cant del Virolai i la recitaci\u00f3 de l&#8217;oraci\u00f3 del 75\u00e8 aniversari, renovant aix\u00ed la devoci\u00f3 de Lleida a la Patrona de Catalunya.<\/span><\/p>\n<\/div>\n<\/div>\n<\/div>\n<\/div>\n","protected":false},"excerpt":{"rendered":"<p>&nbsp; https:\/\/www.lleida.com\/noticia_canal\/la-catedral-de-lleida-celebra-el-75e-aniversari-de-lentronitzacio-de-la-mare-de-deu-de &nbsp; 12-09-2022 &nbsp; Peu de foto:&nbsp; Jordi G\u00f3mez Pay\u00e0 Peu de foto: Jordi G\u00f3mez Pay\u00e0 Peu de foto:&hellip;<\/p>\n","protected":false},"author":1,"featured_media":0,"comment_status":"closed","ping_status":"closed","sticky":false,"template":"","format":"standard","meta":{"ngg_post_thumbnail":0,"footnotes":""},"categories":[4],"tags":[],"_links":{"self":[{"href":"https:\/\/xn--confrariamarededudemontserratlleida-qdd.cat\/index.php\/wp-json\/wp\/v2\/posts\/1104"}],"collection":[{"href":"https:\/\/xn--confrariamarededudemontserratlleida-qdd.cat\/index.php\/wp-json\/wp\/v2\/posts"}],"about":[{"href":"https:\/\/xn--confrariamarededudemontserratlleida-qdd.cat\/index.php\/wp-json\/wp\/v2\/types\/post"}],"author":[{"embeddable":true,"href":"https:\/\/xn--confrariamarededudemontserratlleida-qdd.cat\/index.php\/wp-json\/wp\/v2\/users\/1"}],"replies":[{"embeddable":true,"href":"https:\/\/xn--confrariamarededudemontserratlleida-qdd.cat\/index.php\/wp-json\/wp\/v2\/comments?post=1104"}],"version-history":[{"count":2,"href":"https:\/\/xn--confrariamarededudemontserratlleida-qdd.cat\/index.php\/wp-json\/wp\/v2\/posts\/1104\/revisions"}],"predecessor-version":[{"id":1128,"href":"https:\/\/xn--confrariamarededudemontserratlleida-qdd.cat\/index.php\/wp-json\/wp\/v2\/posts\/1104\/revisions\/1128"}],"wp:attachment":[{"href":"https:\/\/xn--confrariamarededudemontserratlleida-qdd.cat\/index.php\/wp-json\/wp\/v2\/media?parent=1104"}],"wp:term":[{"taxonomy":"category","embeddable":true,"href":"https:\/\/xn--confrariamarededudemontserratlleida-qdd.cat\/index.php\/wp-json\/wp\/v2\/categories?post=1104"},{"taxonomy":"post_tag","embeddable":true,"href":"https:\/\/xn--confrariamarededudemontserratlleida-qdd.cat\/index.php\/wp-json\/wp\/v2\/tags?post=1104"}],"curies":[{"name":"wp","href":"https:\/\/api.w.org\/{rel}","templated":true}]}}