{"id":1101,"date":"2021-09-09T14:43:50","date_gmt":"2021-09-09T12:43:50","guid":{"rendered":"https:\/\/xn--confrariamarededudemontserratlleida-qdd.cat\/?p=1101"},"modified":"2024-05-26T14:44:25","modified_gmt":"2024-05-26T12:44:25","slug":"2021-la-confraria-de-montserrat-de-lleida-celebra-140-anys-dhistoria","status":"publish","type":"post","link":"https:\/\/xn--confrariamarededudemontserratlleida-qdd.cat\/index.php\/2021\/09\/09\/2021-la-confraria-de-montserrat-de-lleida-celebra-140-anys-dhistoria\/","title":{"rendered":"2021 : La Confraria de Montserrat de Lleida celebra 140 anys d\u2019hist\u00f2ria"},"content":{"rendered":"<header class=\"page__header pt-5  local-task\">\n<div class=\"container\">\n<div class=\"block block--crelb5-page-title\">\n<div class=\"container\">\n<h1 class=\"page-title\"><span style=\"color: #636363; font-family: Lato, 'Helvetica Neue', helvetica, arial, sans-serif; font-size: 15px;\">Catalunya Religi\u00f3 <\/span><span class=\"submission-date\" style=\"color: #636363; font-family: Lato, 'Helvetica Neue', helvetica, arial, sans-serif; font-size: 15px;\"><time title=\"dimarts, 7. Setembre 2021 - 8:58\" datetime=\"2021-09-07T08:58:49+02:00\">Dt. 7\/09\/2021<\/time><\/span><\/h1>\n<h1 class=\"page-title\"><span style=\"font-size: 10pt;\">https:\/\/www.catalunyareligio.cat\/ca\/confraria-montserrat-lleida-celebra-140-anys<\/span><\/h1>\n<\/div>\n<\/div>\n<\/div>\n<\/header>\n<div class=\"container bg-white\">\n<div class=\"row\">\n<div class=\"col\">\n<div class=\"page__content py-3\">\n<div class=\"block block--crelb5-catrelibootstrap-system-main\">\n<article class=\"node node--promoted articles articles--full\" data-history-node-id=\"283736\">\n<div class=\"container\">\n<div class=\"row\">\n<div class=\"col\">\n<div class=\"big-image\">\n<div class=\"field field--name-field-img-articles-media field--type-entity-reference field--label-hidden field__item\">\n<div class=\"media media--type-image media--view-mode-_6-9\">\n<div class=\"field field--name-field-media-image field--type-image field--label-hidden field__item\"><img loading=\"lazy\" decoding=\"async\" class=\"wp-image-1095 size-large alignleft\" src=\"https:\/\/xn--confrariamarededudemontserratlleida-qdd.cat\/wp-content\/uploads\/2023\/10\/cropped-cropped-portada-1-1024x455.jpg\" alt=\"\" width=\"1024\" height=\"455\" srcset=\"https:\/\/xn--confrariamarededudemontserratlleida-qdd.cat\/wp-content\/uploads\/2023\/10\/cropped-cropped-portada-1-1024x455.jpg 1024w, https:\/\/xn--confrariamarededudemontserratlleida-qdd.cat\/wp-content\/uploads\/2023\/10\/cropped-cropped-portada-1-300x133.jpg 300w, https:\/\/xn--confrariamarededudemontserratlleida-qdd.cat\/wp-content\/uploads\/2023\/10\/cropped-cropped-portada-1-768x342.jpg 768w, https:\/\/xn--confrariamarededudemontserratlleida-qdd.cat\/wp-content\/uploads\/2023\/10\/cropped-cropped-portada-1-1536x683.jpg 1536w, https:\/\/xn--confrariamarededudemontserratlleida-qdd.cat\/wp-content\/uploads\/2023\/10\/cropped-cropped-portada-1.jpg 1920w\" sizes=\"(max-width: 1024px) 100vw, 1024px\" \/><\/div>\n<\/div>\n<\/div>\n<div>&nbsp;<\/div>\n<\/div>\n<div class=\"row\">\n<div class=\"col mb-3 in-node-body order-0 order-md-1\">\n<div class=\"field field--name-body field--type-text-with-summary field--label-hidden field__item\">\n<p style=\"text-align: justify;\"><span style=\"font-size: 14pt;\">La Confraria de la Mare de D\u00e9u de Montserrat de Lleida commemorar\u00e0 el 140 aniversari de la seva fundaci\u00f3 i el 75 de la seva restauraci\u00f3, amb una missa, una taula rodona i un concert.<\/span><\/p>\n<p style=\"text-align: justify;\"><span style=\"font-size: 14pt;\">Els actes commemoratius s\u2019iniciaran aquest dimecres 8 de setembre, festa de la Nativitat de Maria coneguda a Catalunya com a festa de les Mareded\u00e9us Trobades i segona festa de Montserrat. Ho far\u00e0 a les 7 de la tarda amb la celebraci\u00f3 de l\u2019eucaristia a la Catedral de Lleida, on hi ha l\u2019altar de la patrona de Catalunya. La missa ser\u00e0 presidida pel bisbe de la di\u00f2cesi,&nbsp;<strong>Salvador Gim\u00e9nez Valls<\/strong>&nbsp;i ser\u00e0 aplicada pels confrares difunts. La part musical de la celebraci\u00f3 ser\u00e0 a c\u00e0rrec del Petit Cor de la Catedral de Lleida, que al final de la celebraci\u00f3 cantar\u00e0 el Virolai, mentre es dur\u00e0 a terme la veneraci\u00f3 de \u201cLa Moreneta\u201d en el seu cambril.<\/span><\/p>\n<p style=\"text-align: justify;\"><span style=\"font-size: 14pt;\">Els actes tindran continu\u00eftat el dijous 9 de setembre, a les 7 de la tarda al Paranimf de l\u2019Acad\u00e8mia Mariana de Lleida, on tindr\u00e0 lloc una taula rodona en homenatge i record de qui fou consiliari de la confraria&nbsp;<strong>Xavier Bastiste<\/strong>, traspassat l\u201911 de setembre de 2020.<\/span><\/p>\n<p style=\"text-align: justify;\"><span style=\"font-size: 14pt;\">En aquesta taula, que havia estat suspesa amb anterioritat per la pand\u00e8mia, participaran&nbsp;<strong>Joan M. Mayol<\/strong>, monjo i director de la Confraria de la Mare de D\u00e9u de Montserrat;&nbsp;<strong>Josep Estruch<\/strong>, president de la Confraria de la MdD de Montserrat de Lleida;&nbsp;<strong>Ramon Prat<\/strong>, te\u00f2leg;&nbsp;<strong>Conxita Pozas<\/strong>, animadora de Comunitat;&nbsp;<strong>Xavier Pelegr\u00ed<\/strong>, del moviment Vida Creixent i&nbsp;<strong>Marta Mas<\/strong>, periodista i confrare que actuar\u00e0 de moderadora. Durant l\u2019acte, que ser\u00e0 presidit pel bisbe de Lleida Salvador Gim\u00e9nez, es faran diversos intermedis musicals a c\u00e0rrec de&nbsp;<strong>Joan Mas<\/strong>&nbsp;i&nbsp;<strong>Judit Mu\u00f1oz<\/strong>&nbsp;.<\/span><\/p>\n<p style=\"text-align: justify;\"><span style=\"font-size: 14pt;\">La cloenda d\u2019aquests actes commemoratius tindr\u00e0 lloc el divendres 10 de setembre, a les 7 de la tarda a la Catedral de Lleida, amb un concert a c\u00e0rrec de la Coral Maristes Montserrat, sota la direcci\u00f3 de&nbsp;<strong>Gerard Riu<\/strong>.<\/span><\/p>\n<\/div>\n<\/div>\n<\/div>\n<\/div>\n<\/div>\n<\/div>\n<\/article>\n<\/div>\n<\/div>\n<\/div>\n<\/div>\n<\/div>\n","protected":false},"excerpt":{"rendered":"<p>Catalunya Religi\u00f3 Dt. 7\/09\/2021 https:\/\/www.catalunyareligio.cat\/ca\/confraria-montserrat-lleida-celebra-140-anys &nbsp; La Confraria de la Mare de D\u00e9u de Montserrat de Lleida commemorar\u00e0 el 140&hellip;<\/p>\n","protected":false},"author":1,"featured_media":0,"comment_status":"closed","ping_status":"closed","sticky":false,"template":"","format":"standard","meta":{"ngg_post_thumbnail":0,"footnotes":""},"categories":[4],"tags":[],"_links":{"self":[{"href":"https:\/\/xn--confrariamarededudemontserratlleida-qdd.cat\/index.php\/wp-json\/wp\/v2\/posts\/1101"}],"collection":[{"href":"https:\/\/xn--confrariamarededudemontserratlleida-qdd.cat\/index.php\/wp-json\/wp\/v2\/posts"}],"about":[{"href":"https:\/\/xn--confrariamarededudemontserratlleida-qdd.cat\/index.php\/wp-json\/wp\/v2\/types\/post"}],"author":[{"embeddable":true,"href":"https:\/\/xn--confrariamarededudemontserratlleida-qdd.cat\/index.php\/wp-json\/wp\/v2\/users\/1"}],"replies":[{"embeddable":true,"href":"https:\/\/xn--confrariamarededudemontserratlleida-qdd.cat\/index.php\/wp-json\/wp\/v2\/comments?post=1101"}],"version-history":[{"count":1,"href":"https:\/\/xn--confrariamarededudemontserratlleida-qdd.cat\/index.php\/wp-json\/wp\/v2\/posts\/1101\/revisions"}],"predecessor-version":[{"id":1102,"href":"https:\/\/xn--confrariamarededudemontserratlleida-qdd.cat\/index.php\/wp-json\/wp\/v2\/posts\/1101\/revisions\/1102"}],"wp:attachment":[{"href":"https:\/\/xn--confrariamarededudemontserratlleida-qdd.cat\/index.php\/wp-json\/wp\/v2\/media?parent=1101"}],"wp:term":[{"taxonomy":"category","embeddable":true,"href":"https:\/\/xn--confrariamarededudemontserratlleida-qdd.cat\/index.php\/wp-json\/wp\/v2\/categories?post=1101"},{"taxonomy":"post_tag","embeddable":true,"href":"https:\/\/xn--confrariamarededudemontserratlleida-qdd.cat\/index.php\/wp-json\/wp\/v2\/tags?post=1101"}],"curies":[{"name":"wp","href":"https:\/\/api.w.org\/{rel}","templated":true}]}}