{"id":1099,"date":"2020-09-09T14:31:43","date_gmt":"2020-09-09T12:31:43","guid":{"rendered":"https:\/\/xn--confrariamarededudemontserratlleida-qdd.cat\/?p=1099"},"modified":"2024-05-26T14:32:06","modified_gmt":"2024-05-26T12:32:06","slug":"2020-la-confraria-de-montserrat-celebra-a-la-catedral-de-lleida-la-festa-de-la-moreneta","status":"publish","type":"post","link":"https:\/\/xn--confrariamarededudemontserratlleida-qdd.cat\/index.php\/2020\/09\/09\/2020-la-confraria-de-montserrat-celebra-a-la-catedral-de-lleida-la-festa-de-la-moreneta\/","title":{"rendered":"2020 : La confraria de Montserrat celebra a la Catedral de Lleida la Festa de la Moreneta"},"content":{"rendered":"<header class=\"page__header pt-5  local-task\">\n<div class=\"container\">\n<div class=\"block block--crelb5-page-title\">\n<div class=\"container\">\n<h1 class=\"page-title\"><span style=\"color: #636363; font-family: Lato, 'Helvetica Neue', helvetica, arial, sans-serif; font-size: 15px;\">Catalunya Religi\u00f3 <\/span><span class=\"submission-date\" style=\"color: #636363; font-family: Lato, 'Helvetica Neue', helvetica, arial, sans-serif; font-size: 15px;\"><time title=\"dimecres, 9. Setembre 2020 - 17:21\" datetime=\"2020-09-09T17:21:18+02:00\">Dc. 9\/09\/2020<\/time><\/span><\/h1>\n<\/div>\n<\/div>\n<\/div>\n<\/header>\n<div class=\"container bg-white\">\n<div class=\"row\">\n<div class=\"col\">\n<div class=\"page__content py-3\">\n<div class=\"block block--crelb5-catrelibootstrap-system-main\">\n<article class=\"node node--promoted articles articles--full\" data-history-node-id=\"268058\">\n<div class=\"container\">\n<div class=\"row\">\n<div class=\"col\">\n<div class=\"big-image\">\n<div class=\"field field--name-field-img-articles-media field--type-entity-reference field--label-hidden field__item\">\n<div class=\"media media--type-image media--view-mode-_6-9\">\n<div class=\"field field--name-field-media-image field--type-image field--label-hidden field__item\"><img loading=\"lazy\" decoding=\"async\" class=\"img-fluid\" src=\"https:\/\/www.catalunyareligio.cat\/sites\/default\/files\/styles\/responsive_16_9_960w\/public\/p9086636_2_1.jpg?h=88180a2e&amp;itok=KzvmUDpT\" width=\"960\" height=\"540\"><\/div>\n<\/div>\n<\/div>\n<div class=\"my-3 border-dark border-bottom-style-dotted border-1\">&nbsp;<\/div>\n<div>&nbsp;<\/div>\n<\/div>\n<div class=\"row\">\n<div class=\"col-12 col-md-4 mb-3 in-node-sidebar-left order-1 order-md-0\">\n<div class=\"forward-in-content d-flex\">\n<div class=\"social-sharing-buttons\">&nbsp;<\/div>\n<\/div>\n<\/div>\n<div class=\"col mb-3 in-node-body order-0 order-md-1\">\n<div class=\"field field--name-body field--type-text-with-summary field--label-hidden field__item\">\n<p style=\"text-align: justify;\"><span style=\"font-size: 14pt;\">(<a href=\"http:\/\/www.bisbatlleida.org\/ca\/content\/la-confraria-de-montserrat-celebra-la-catedral-la-festa-de-la-moreneta-suspesa-labril-pel\" target=\"_blank\" rel=\"nofollow noopener\"><em>Jordi Curc\u00f3&nbsp;<strong>&#8211;<\/strong>Bisbat de Lleida<\/em><\/a>) La Confraria de la Mare de D\u00e9u de Montserrat de Lleida, ha celebrat aquest 8 de setembre al vespre la festa de la Patrona de Catalunya que no va poder celebrar l\u2019abril passat, suspesa pel confinament de la pand\u00e8mia de la Covid-19. Ho ha fet coincidint amb la festa del Naixement de la Mare de D\u00e9u, coneguda popularment a Catalunya com a festa de les Mareded\u00e9us Trobades, la segona festa de Montserrat i alhora de la mateixa Confraria.<\/span><\/p>\n<p style=\"text-align: justify;\"><span style=\"font-size: 14pt;\">El bisbe de Lleida&nbsp;<strong>Salvador Gim\u00e9nez&nbsp;<\/strong>presid\u00ed l\u2019Eucaristia de la festa a la Catedral, que llu\u00efa una renovada il\u00b7luminaci\u00f3 amb nous focus de let que donen una major lluminositat al temple. Amb un aforament limitat per les circumst\u00e0ncies, assistiren prop de vuitanta fidels i confrares, encap\u00e7alats pels president i junta de la Confraria. Tots ells fent us la mascareta i mantenint en tot moment la preceptiva dist\u00e0ncia entre els seients, per evitar qualsevol risc de contagi.<\/span><\/p>\n<p style=\"text-align: justify;\"><span style=\"font-size: 14pt;\">El bisbe Salvador inici\u00e0 la seva homilia agraint l\u2019esfor\u00e7 de la Confraria que tot i les circumst\u00e0ncies ha volgut celebrar la festa de la Nativitat de Maria amb solemnitat:&nbsp;<em>\u201c<\/em>&#8230;i a vosaltres germans per ser avui aqu\u00ed. No tingueu por d\u2019acudir presencialment a l\u2019Eucaristia, per tal de retrobar-nos amb el Senyor. La festa de les Mareded\u00e9us trobades ens parla de trobament i avui nosaltres, trobant-nos amb Maria ens trobem amb el seu Fill Jes\u00fas\u201d.<\/span><\/p>\n<p style=\"text-align: justify;\"><span style=\"font-size: 14pt;\">Durant la celebraci\u00f3 es preg\u00e0 pelsconfrares difunts, entre ells per qui fou consiliari de la Confraria&nbsp;<strong>Xavier Batiste&nbsp;<\/strong>en el primer aniversari de la seva mort i&nbsp;<strong>Vicen\u00e7 Ros<\/strong>, el darrer confrare traspassat que mor\u00ed el passat 21 de juliol. Tamb\u00e9 es preg\u00e0 per tots els lleidatans que han mort com a conseq\u00fc\u00e8ncia de la pand\u00e8mia. Finalitzada l\u2019eucaristia, el bisbe i els concelebrants, acompanyants pels fidels anaren fins l\u2019altar de la Patrona de Catalunya, mentre el Petit Cor de la Catedral interpretava l\u2019himne Verge Bruna amb lletra de&nbsp;<strong>Rosa Fabregat Sol\u00e9<\/strong>, confrare recentment traspassada i tamb\u00e9 recordada i m\u00fasica de&nbsp;<strong>Joaquim Mesalles<\/strong>.<\/span><\/p>\n<p style=\"text-align: justify;\"><span style=\"font-size: 14pt;\">Tot seguit i com s\u2019acostuma a fer, es puj\u00e0 cantant el Virolai fins el cambril de la Moreneta per venerar la seva imatge. En aquesta ocasi\u00f3 i com a mesura preventiva sanit\u00e0ria,els fidels no van besar-la ni tocar-la, solament van poder fer una inclinaci\u00f3 de cap com a gest simb\u00f2lic de veneraci\u00f3 i devoci\u00f3.<\/span><\/p>\n<p style=\"text-align: justify;\"><span style=\"font-size: 14pt;\">La Confraria aprofit\u00e0 la festa per donar a con\u00e8ixer el projecte de restauraci\u00f3 de l\u2019altar de la Mare de D\u00e9u de Montserrat, inaugurat el 1955 segons projectat de l\u2019arquitecte Llu\u00eds Dom\u00e8nech i realitzat pel tallista lleidat\u00e0 Ramon Borr\u00e0s amb policromats de Lluci\u00e0 Oliva. El president de la Confraria Josep Estruch, ha explicat que el pas dels anys ha malm\u00e8s el retaule que necessita una urgent actuaci\u00f3: \u201cSeria bonic poder tenir-lo llest l\u2019abril de 2021 per la festa de la Patrona i m\u00e9s quan s\u2019escau el 140 aniversari de la fundaci\u00f3 de la Confraria i el 75 de la seva recuperaci\u00f3\u201d<em>. <\/em>Per a fer-ho realitat s\u2019endegar\u00e0 un campanya entre els confrares, entitats i a nivell ciutad\u00e0: \u201cQuan es va fer l\u2019altar ara fa 65 anys, ja va ser sufragat per subscripci\u00f3 popular\u201d.<\/span><\/p>\n<\/div>\n<p>https:\/\/www.catalunyareligio.cat\/ca\/confraria-montserrat-celebra-catedral-lleida-festa<\/p>\n<\/div>\n<\/div>\n<\/div>\n<\/div>\n<\/div>\n<\/article>\n<\/div>\n<\/div>\n<\/div>\n<\/div>\n<\/div>\n","protected":false},"excerpt":{"rendered":"<p>Catalunya Religi\u00f3 Dc. 9\/09\/2020 &nbsp; &nbsp; &nbsp; (Jordi Curc\u00f3&nbsp;&#8211;Bisbat de Lleida) La Confraria de la Mare de D\u00e9u de Montserrat&hellip;<\/p>\n","protected":false},"author":1,"featured_media":0,"comment_status":"open","ping_status":"open","sticky":false,"template":"","format":"standard","meta":{"ngg_post_thumbnail":0,"footnotes":""},"categories":[4],"tags":[],"_links":{"self":[{"href":"https:\/\/xn--confrariamarededudemontserratlleida-qdd.cat\/index.php\/wp-json\/wp\/v2\/posts\/1099"}],"collection":[{"href":"https:\/\/xn--confrariamarededudemontserratlleida-qdd.cat\/index.php\/wp-json\/wp\/v2\/posts"}],"about":[{"href":"https:\/\/xn--confrariamarededudemontserratlleida-qdd.cat\/index.php\/wp-json\/wp\/v2\/types\/post"}],"author":[{"embeddable":true,"href":"https:\/\/xn--confrariamarededudemontserratlleida-qdd.cat\/index.php\/wp-json\/wp\/v2\/users\/1"}],"replies":[{"embeddable":true,"href":"https:\/\/xn--confrariamarededudemontserratlleida-qdd.cat\/index.php\/wp-json\/wp\/v2\/comments?post=1099"}],"version-history":[{"count":1,"href":"https:\/\/xn--confrariamarededudemontserratlleida-qdd.cat\/index.php\/wp-json\/wp\/v2\/posts\/1099\/revisions"}],"predecessor-version":[{"id":1100,"href":"https:\/\/xn--confrariamarededudemontserratlleida-qdd.cat\/index.php\/wp-json\/wp\/v2\/posts\/1099\/revisions\/1100"}],"wp:attachment":[{"href":"https:\/\/xn--confrariamarededudemontserratlleida-qdd.cat\/index.php\/wp-json\/wp\/v2\/media?parent=1099"}],"wp:term":[{"taxonomy":"category","embeddable":true,"href":"https:\/\/xn--confrariamarededudemontserratlleida-qdd.cat\/index.php\/wp-json\/wp\/v2\/categories?post=1099"},{"taxonomy":"post_tag","embeddable":true,"href":"https:\/\/xn--confrariamarededudemontserratlleida-qdd.cat\/index.php\/wp-json\/wp\/v2\/tags?post=1099"}],"curies":[{"name":"wp","href":"https:\/\/api.w.org\/{rel}","templated":true}]}}