{"id":1043,"date":"2024-05-08T15:26:22","date_gmt":"2024-05-08T13:26:22","guid":{"rendered":"https:\/\/xn--confrariamarededudemontserratlleida-qdd.cat\/?p=1043"},"modified":"2024-05-26T14:58:32","modified_gmt":"2024-05-26T12:58:32","slug":"2024-restauracio-de-laltar-de-la-mare-de-deu-de-montserrat-de-la-catedral","status":"publish","type":"post","link":"https:\/\/xn--confrariamarededudemontserratlleida-qdd.cat\/index.php\/2024\/05\/08\/2024-restauracio-de-laltar-de-la-mare-de-deu-de-montserrat-de-la-catedral\/","title":{"rendered":"2024 : Restauraci\u00f3 de l&#8217;altar de la Mare de D\u00e9u de Montserrat de la Catedral"},"content":{"rendered":"<p style=\"text-align: justify;\"><img loading=\"lazy\" decoding=\"async\" class=\"size-medium wp-image-1048 alignleft\" src=\"https:\/\/xn--confrariamarededudemontserratlleida-qdd.cat\/wp-content\/uploads\/2024\/05\/Altar4-138x300.jpg\" alt=\"\" width=\"138\" height=\"300\" srcset=\"https:\/\/xn--confrariamarededudemontserratlleida-qdd.cat\/wp-content\/uploads\/2024\/05\/Altar4-138x300.jpg 138w, https:\/\/xn--confrariamarededudemontserratlleida-qdd.cat\/wp-content\/uploads\/2024\/05\/Altar4-471x1024.jpg 471w, https:\/\/xn--confrariamarededudemontserratlleida-qdd.cat\/wp-content\/uploads\/2024\/05\/Altar4-768x1668.jpg 768w, https:\/\/xn--confrariamarededudemontserratlleida-qdd.cat\/wp-content\/uploads\/2024\/05\/Altar4-707x1536.jpg 707w, https:\/\/xn--confrariamarededudemontserratlleida-qdd.cat\/wp-content\/uploads\/2024\/05\/Altar4-943x2048.jpg 943w, https:\/\/xn--confrariamarededudemontserratlleida-qdd.cat\/wp-content\/uploads\/2024\/05\/Altar4-scaled.jpg 1178w\" sizes=\"(max-width: 138px) 100vw, 138px\" \/>Per a la Confraria de Lleida, el fet m\u00e9s destacat d\u2019aquest any, \u00e9s la restauraci\u00f3 de l\u2019altar-retaule de la Mare de D\u00e9u de Montserrat de la catedral. L\u2019altar presenta s\u00edmptomes de deteriorament i requereix una actuaci\u00f3 protectora de forma urgent.<\/p>\n<p style=\"text-align: justify;\">Actualment ja ha comen\u00e7at la rehabilitaci\u00f3 de l\u2019altar, que est\u00e0 previst que duri tot el mes de maig i, cal ressaltar que el dia 16 de juny, despr\u00e9s de l\u2019Eucaristia, el senyor bisbe, Mons. Salvador Gim\u00e9nez, procedir\u00e0 a la seva benedicci\u00f3. Tot i totes hi esteu convidats.<\/p>\n<p style=\"text-align: justify;\">La construcci\u00f3 de l\u2019altar, la imatge de la Mare de D\u00e9u de Montserrat i les valuoses pintures de Josep Obiols, es van poder fer per subscripci\u00f3 popular, fet que volem conservar en aquesta restauraci\u00f3 tant necess\u00e0ria. Per\u00f2, encara no disposem de tot l\u2019import per sufragar l\u2019obra. Per aix\u00f2, volem demanar la vostra aportaci\u00f3 i, per aquest motiu, s\u2019ha col\u00b7locat l\u2019escolanet-urna al costat de l\u2019altar de Sant Josep de la Catedral, on ha quedat ubicada la imatge de la Mare de D\u00e9u de Montserrat, mentre durin les obres de restauraci\u00f3, o tamb\u00e9 a trav\u00e9s del compte bancari destinat a aquesta finalitat i, aix\u00ed, ajudar a conservar un b\u00e9 tant preuat pels devots de la Moreneta.<\/p>\n<p style=\"text-align: justify;\"><img loading=\"lazy\" decoding=\"async\" class=\"aligncenter wp-image-1045 size-large\" src=\"https:\/\/xn--confrariamarededudemontserratlleida-qdd.cat\/wp-content\/uploads\/2024\/05\/Altar1-472x1024.jpg\" alt=\"\" width=\"472\" height=\"1024\" srcset=\"https:\/\/xn--confrariamarededudemontserratlleida-qdd.cat\/wp-content\/uploads\/2024\/05\/Altar1-472x1024.jpg 472w, https:\/\/xn--confrariamarededudemontserratlleida-qdd.cat\/wp-content\/uploads\/2024\/05\/Altar1-138x300.jpg 138w, https:\/\/xn--confrariamarededudemontserratlleida-qdd.cat\/wp-content\/uploads\/2024\/05\/Altar1-768x1666.jpg 768w, https:\/\/xn--confrariamarededudemontserratlleida-qdd.cat\/wp-content\/uploads\/2024\/05\/Altar1-708x1536.jpg 708w, https:\/\/xn--confrariamarededudemontserratlleida-qdd.cat\/wp-content\/uploads\/2024\/05\/Altar1-944x2048.jpg 944w, https:\/\/xn--confrariamarededudemontserratlleida-qdd.cat\/wp-content\/uploads\/2024\/05\/Altar1-scaled.jpg 1180w\" sizes=\"(max-width: 472px) 100vw, 472px\" \/><img loading=\"lazy\" decoding=\"async\" class=\"aligncenter wp-image-1046 size-large\" src=\"https:\/\/xn--confrariamarededudemontserratlleida-qdd.cat\/wp-content\/uploads\/2024\/05\/Altar2-471x1024.jpg\" alt=\"\" width=\"471\" height=\"1024\" srcset=\"https:\/\/xn--confrariamarededudemontserratlleida-qdd.cat\/wp-content\/uploads\/2024\/05\/Altar2-471x1024.jpg 471w, https:\/\/xn--confrariamarededudemontserratlleida-qdd.cat\/wp-content\/uploads\/2024\/05\/Altar2-138x300.jpg 138w, https:\/\/xn--confrariamarededudemontserratlleida-qdd.cat\/wp-content\/uploads\/2024\/05\/Altar2-768x1668.jpg 768w, https:\/\/xn--confrariamarededudemontserratlleida-qdd.cat\/wp-content\/uploads\/2024\/05\/Altar2-707x1536.jpg 707w, https:\/\/xn--confrariamarededudemontserratlleida-qdd.cat\/wp-content\/uploads\/2024\/05\/Altar2-943x2048.jpg 943w, https:\/\/xn--confrariamarededudemontserratlleida-qdd.cat\/wp-content\/uploads\/2024\/05\/Altar2-scaled.jpg 1178w\" sizes=\"(max-width: 471px) 100vw, 471px\" \/><\/p>\n<p><img loading=\"lazy\" decoding=\"async\" class=\"aligncenter wp-image-1047 size-large\" style=\"text-align: justify;\" src=\"https:\/\/xn--confrariamarededudemontserratlleida-qdd.cat\/wp-content\/uploads\/2024\/05\/Altar3-771x1024.jpg\" alt=\"\" width=\"771\" height=\"1024\" srcset=\"https:\/\/xn--confrariamarededudemontserratlleida-qdd.cat\/wp-content\/uploads\/2024\/05\/Altar3-771x1024.jpg 771w, https:\/\/xn--confrariamarededudemontserratlleida-qdd.cat\/wp-content\/uploads\/2024\/05\/Altar3-226x300.jpg 226w, https:\/\/xn--confrariamarededudemontserratlleida-qdd.cat\/wp-content\/uploads\/2024\/05\/Altar3-768x1020.jpg 768w, https:\/\/xn--confrariamarededudemontserratlleida-qdd.cat\/wp-content\/uploads\/2024\/05\/Altar3-1157x1536.jpg 1157w, https:\/\/xn--confrariamarededudemontserratlleida-qdd.cat\/wp-content\/uploads\/2024\/05\/Altar3.jpg 1536w\" sizes=\"(max-width: 771px) 100vw, 771px\" \/><\/p>\n<p style=\"text-align: justify;\">ta.<\/p>\n","protected":false},"excerpt":{"rendered":"<p>Per a la Confraria de Lleida, el fet m\u00e9s destacat d\u2019aquest any, \u00e9s la restauraci\u00f3 de l\u2019altar-retaule de la Mare&hellip;<\/p>\n","protected":false},"author":1,"featured_media":0,"comment_status":"closed","ping_status":"closed","sticky":false,"template":"","format":"standard","meta":{"ngg_post_thumbnail":0,"footnotes":""},"categories":[4],"tags":[],"_links":{"self":[{"href":"https:\/\/xn--confrariamarededudemontserratlleida-qdd.cat\/index.php\/wp-json\/wp\/v2\/posts\/1043"}],"collection":[{"href":"https:\/\/xn--confrariamarededudemontserratlleida-qdd.cat\/index.php\/wp-json\/wp\/v2\/posts"}],"about":[{"href":"https:\/\/xn--confrariamarededudemontserratlleida-qdd.cat\/index.php\/wp-json\/wp\/v2\/types\/post"}],"author":[{"embeddable":true,"href":"https:\/\/xn--confrariamarededudemontserratlleida-qdd.cat\/index.php\/wp-json\/wp\/v2\/users\/1"}],"replies":[{"embeddable":true,"href":"https:\/\/xn--confrariamarededudemontserratlleida-qdd.cat\/index.php\/wp-json\/wp\/v2\/comments?post=1043"}],"version-history":[{"count":4,"href":"https:\/\/xn--confrariamarededudemontserratlleida-qdd.cat\/index.php\/wp-json\/wp\/v2\/posts\/1043\/revisions"}],"predecessor-version":[{"id":1117,"href":"https:\/\/xn--confrariamarededudemontserratlleida-qdd.cat\/index.php\/wp-json\/wp\/v2\/posts\/1043\/revisions\/1117"}],"wp:attachment":[{"href":"https:\/\/xn--confrariamarededudemontserratlleida-qdd.cat\/index.php\/wp-json\/wp\/v2\/media?parent=1043"}],"wp:term":[{"taxonomy":"category","embeddable":true,"href":"https:\/\/xn--confrariamarededudemontserratlleida-qdd.cat\/index.php\/wp-json\/wp\/v2\/categories?post=1043"},{"taxonomy":"post_tag","embeddable":true,"href":"https:\/\/xn--confrariamarededudemontserratlleida-qdd.cat\/index.php\/wp-json\/wp\/v2\/tags?post=1043"}],"curies":[{"name":"wp","href":"https:\/\/api.w.org\/{rel}","templated":true}]}}