{"id":101,"date":"2020-03-25T20:17:00","date_gmt":"2020-03-25T18:17:00","guid":{"rendered":"https:\/\/xn--confrariamarededudemontserratlleida-qdd.cat\/?p=101"},"modified":"2023-10-26T12:50:51","modified_gmt":"2023-10-26T10:50:51","slug":"la-confraria-de-la-mare-de-deu-de-montserrat-de-lleida-ajorna-la-seva-festivitat-al-8-de-setembre","status":"publish","type":"post","link":"https:\/\/xn--confrariamarededudemontserratlleida-qdd.cat\/index.php\/2020\/03\/25\/la-confraria-de-la-mare-de-deu-de-montserrat-de-lleida-ajorna-la-seva-festivitat-al-8-de-setembre\/","title":{"rendered":"La Confraria de la Mare de D\u00e9u de Montserrat de Lleida ajorna la seva festivitat al 8 de setembre"},"content":{"rendered":"\n<p>Publicat al Diaria <a href=\"https:\/\/www.lamanyana.cat\/la-confraria-de-la-mare-de-deu-de-montserrat-de-lleida-aplaca-la-seva-festivitat-al-8-de-setembre\/\" data-type=\"link\" data-id=\"https:\/\/www.lamanyana.cat\/la-confraria-de-la-mare-de-deu-de-montserrat-de-lleida-aplaca-la-seva-festivitat-al-8-de-setembre\/\">LA MA\u00d1ANA<\/a> de Lleida<\/p>\n\n\n\n<p>La Junta de la Confraria de la Mare de D\u00e9u de Montserrat de Lleida va anunciar que, \u201cdavant de l\u2019estat d\u2019alarma i l\u2019actual situaci\u00f3 de confinament, com a conseq\u00fc\u00e8ncia de la pand\u00e8mia del coronavirus, de conformitat amb les indicacions de les autoritat sanit\u00e0ries i tenint en compte les orientacions de la Confer\u00e8ncia Episcopal Tarraconense i tamb\u00e9 amb la conformitat del bisbe de la di\u00f2cesis, ha pres el dolor\u00f3s acord de suspendre els tradicionals actes religiosos previstos properament en honor de la Patrona de Catalunya i de tant arrelament a la ciutat de Lleida\u201d.<br>D\u2019aquesta manera, la confraria susp\u00e8n el Tridu de Preparaci\u00f3 a la festa de la patrona, que havia de celebrar-se els dies 24, 25 i 26 d\u2019abril; l\u2019anada a la Vetlla de Montserrat, i l\u2019ofrena de flors del dia 27 d\u2019abril, festa de la Mare de D\u00e9u de Montserrat, a l\u2019altar de la patrona a la catedral de Lleida.<br>Malgrat tot, cal indicar que des de la confraria tamb\u00e9 es va prendre la decisi\u00f3 de traslladar la celebraci\u00f3 de la festivitat al dia 8 de setembre, festa de la Nativitat de la Mare de D\u00e9u, coneguda popularment com a Festa de les Mareded\u00e9us Trobades i festa alhora de Montserrat i de la Confraria.<\/p>\n","protected":false},"excerpt":{"rendered":"<p>Publicat al Diaria LA MA\u00d1ANA de Lleida La Junta de la Confraria de la Mare de D\u00e9u de Montserrat de&hellip;<\/p>\n","protected":false},"author":1,"featured_media":0,"comment_status":"closed","ping_status":"closed","sticky":false,"template":"","format":"standard","meta":{"ngg_post_thumbnail":0,"footnotes":""},"categories":[4],"tags":[],"_links":{"self":[{"href":"https:\/\/xn--confrariamarededudemontserratlleida-qdd.cat\/index.php\/wp-json\/wp\/v2\/posts\/101"}],"collection":[{"href":"https:\/\/xn--confrariamarededudemontserratlleida-qdd.cat\/index.php\/wp-json\/wp\/v2\/posts"}],"about":[{"href":"https:\/\/xn--confrariamarededudemontserratlleida-qdd.cat\/index.php\/wp-json\/wp\/v2\/types\/post"}],"author":[{"embeddable":true,"href":"https:\/\/xn--confrariamarededudemontserratlleida-qdd.cat\/index.php\/wp-json\/wp\/v2\/users\/1"}],"replies":[{"embeddable":true,"href":"https:\/\/xn--confrariamarededudemontserratlleida-qdd.cat\/index.php\/wp-json\/wp\/v2\/comments?post=101"}],"version-history":[{"count":2,"href":"https:\/\/xn--confrariamarededudemontserratlleida-qdd.cat\/index.php\/wp-json\/wp\/v2\/posts\/101\/revisions"}],"predecessor-version":[{"id":700,"href":"https:\/\/xn--confrariamarededudemontserratlleida-qdd.cat\/index.php\/wp-json\/wp\/v2\/posts\/101\/revisions\/700"}],"wp:attachment":[{"href":"https:\/\/xn--confrariamarededudemontserratlleida-qdd.cat\/index.php\/wp-json\/wp\/v2\/media?parent=101"}],"wp:term":[{"taxonomy":"category","embeddable":true,"href":"https:\/\/xn--confrariamarededudemontserratlleida-qdd.cat\/index.php\/wp-json\/wp\/v2\/categories?post=101"},{"taxonomy":"post_tag","embeddable":true,"href":"https:\/\/xn--confrariamarededudemontserratlleida-qdd.cat\/index.php\/wp-json\/wp\/v2\/tags?post=101"}],"curies":[{"name":"wp","href":"https:\/\/api.w.org\/{rel}","templated":true}]}}